{"id":1179,"date":"2015-06-15T13:56:37","date_gmt":"2015-06-15T12:56:37","guid":{"rendered":"https:\/\/www.secretdeparis.com\/blog\/?p=1179"},"modified":"2016-08-22T13:47:06","modified_gmt":"2016-08-22T12:47:06","slug":"anish-kapoor-expose-a-versailles","status":"publish","type":"post","link":"https:\/\/www.secretdeparis.com\/blog\/week-end-a-paris\/anish-kapoor-expose-a-versailles\/","title":{"rendered":"Anish Kapoor expose \u00e0 Versailles"},"content":{"rendered":"<p>Rendez-vous du 09 juin au 01 novembre, pour d\u00e9couvrir l&#8217;exposition d&#8217;Anish Kapoor, au Mus\u00e9e national du ch\u00e2teau de Versailles.<\/p>\n<p>Anish Kapoor est un artiste reconnu, d&#8217;origine indienne. De nombreux visiteurs avaient fait le d\u00e9placement pour ces deux derni\u00e8res expositions : Giuseppe Penone et Lee Ufan.<\/p>\n<p><iframe loading=\"lazy\" src=\"http:\/\/api.dmcloud.net\/player\/embed\/4e7343f894a6f677b10006b4\/5570ac8d94a6f63f0b08489d\/e0c7ddfe21d84aa5998cf309467649a3?exported=1\" width=\"640\" height=\"360\" frameborder=\"0\"><\/iframe><\/p>\n<p>Une exposition d\u00e9concertante&#8230; \u00e0 voir absolument.<\/p>\n<p><a href=\"http:\/\/www.chateauversailles.fr\" target=\"_blank\">Plus d&#8217;informations &gt; <\/a><\/p>\n","protected":false},"excerpt":{"rendered":"<p>Rendez-vous du 09 juin au 01 novembre, pour d\u00e9couvrir l&#8217;exposition d&#8217;Anish Kapoor, au Mus\u00e9e national du ch\u00e2teau de Versailles. Anish Kapoor est un artiste&#8230;<\/p>\n","protected":false},"author":11,"featured_media":1180,"comment_status":"open","ping_status":"open","sticky":false,"template":"","format":"standard","meta":{"footnotes":""},"categories":[8],"tags":[],"class_list":["post-1179","post","type-post","status-publish","format-standard","has-post-thumbnail","hentry","category-week-end-a-paris","post-item","post-even"],"yoast_head":"<!-- This site is optimized with the Yoast SEO plugin v27.4 - https:\/\/yoast.com\/product\/yoast-seo-wordpress\/ -->\n<title>Anish Kapoor expose \u00e0 Versailles - Blog Secret de Paris - Hotel &amp; Spa Paris<\/title>\n<meta name=\"robots\" content=\"index, follow, max-snippet:-1, max-image-preview:large, max-video-preview:-1\" \/>\n<link rel=\"canonical\" href=\"https:\/\/www.secretdeparis.com\/blog\/week-end-a-paris\/anish-kapoor-expose-a-versailles\/\" \/>\n<meta property=\"og:locale\" content=\"fr_FR\" \/>\n<meta property=\"og:type\" content=\"article\" \/>\n<meta property=\"og:title\" content=\"Anish Kapoor expose \u00e0 Versailles - Blog Secret de Paris - Hotel &amp; Spa Paris\" \/>\n<meta property=\"og:description\" content=\"Rendez-vous du 09 juin au 01 novembre, pour d\u00e9couvrir l&#8217;exposition d&#8217;Anish Kapoor, au Mus\u00e9e national du ch\u00e2teau de Versailles. Anish Kapoor est un artiste...\" \/>\n<meta property=\"og:url\" content=\"https:\/\/www.secretdeparis.com\/blog\/week-end-a-paris\/anish-kapoor-expose-a-versailles\/\" \/>\n<meta property=\"og:site_name\" content=\"Blog Secret de Paris - Hotel &amp; Spa Paris\" \/>\n<meta property=\"article:publisher\" content=\"https:\/\/fr-fr.facebook.com\/HotelSecretdeParis\" \/>\n<meta property=\"article:published_time\" content=\"2015-06-15T12:56:37+00:00\" \/>\n<meta property=\"article:modified_time\" content=\"2016-08-22T12:47:06+00:00\" \/>\n<meta property=\"og:image\" content=\"https:\/\/www.secretdeparis.com\/blog\/wp-content\/uploads\/2015\/06\/Descension2.png\" \/>\n\t<meta property=\"og:image:width\" content=\"580\" \/>\n\t<meta property=\"og:image:height\" content=\"385\" \/>\n\t<meta property=\"og:image:type\" content=\"image\/png\" \/>\n<meta name=\"author\" content=\"Secret de Paris Hotel &amp; Spa\" \/>\n<meta name=\"twitter:label1\" content=\"\u00c9crit par\" \/>\n\t<meta name=\"twitter:data1\" content=\"Secret de Paris Hotel &amp; Spa\" \/>\n<script type=\"application\/ld+json\" class=\"yoast-schema-graph\">{\"@context\":\"https:\\\/\\\/schema.org\",\"@graph\":[{\"@type\":\"Article\",\"@id\":\"https:\\\/\\\/www.secretdeparis.com\\\/blog\\\/week-end-a-paris\\\/anish-kapoor-expose-a-versailles\\\/#article\",\"isPartOf\":{\"@id\":\"https:\\\/\\\/www.secretdeparis.com\\\/blog\\\/week-end-a-paris\\\/anish-kapoor-expose-a-versailles\\\/\"},\"author\":{\"name\":\"Secret de Paris Hotel &amp; Spa\",\"@id\":\"https:\\\/\\\/www.secretdeparis.com\\\/blog\\\/#\\\/schema\\\/person\\\/6e72c593ade1fc0fe18f4f04525eac26\"},\"headline\":\"Anish Kapoor expose \u00e0 Versailles\",\"datePublished\":\"2015-06-15T12:56:37+00:00\",\"dateModified\":\"2016-08-22T12:47:06+00:00\",\"mainEntityOfPage\":{\"@id\":\"https:\\\/\\\/www.secretdeparis.com\\\/blog\\\/week-end-a-paris\\\/anish-kapoor-expose-a-versailles\\\/\"},\"wordCount\":64,\"commentCount\":0,\"image\":{\"@id\":\"https:\\\/\\\/www.secretdeparis.com\\\/blog\\\/week-end-a-paris\\\/anish-kapoor-expose-a-versailles\\\/#primaryimage\"},\"thumbnailUrl\":\"https:\\\/\\\/www.secretdeparis.com\\\/blog\\\/wp-content\\\/uploads\\\/2015\\\/06\\\/Descension2.png\",\"articleSection\":[\"Week-end \u00e0 Paris\"],\"inLanguage\":\"fr-FR\"},{\"@type\":\"WebPage\",\"@id\":\"https:\\\/\\\/www.secretdeparis.com\\\/blog\\\/week-end-a-paris\\\/anish-kapoor-expose-a-versailles\\\/\",\"url\":\"https:\\\/\\\/www.secretdeparis.com\\\/blog\\\/week-end-a-paris\\\/anish-kapoor-expose-a-versailles\\\/\",\"name\":\"Anish Kapoor expose \u00e0 Versailles - Blog Secret de Paris - Hotel &amp; Spa Paris\",\"isPartOf\":{\"@id\":\"https:\\\/\\\/www.secretdeparis.com\\\/blog\\\/#website\"},\"primaryImageOfPage\":{\"@id\":\"https:\\\/\\\/www.secretdeparis.com\\\/blog\\\/week-end-a-paris\\\/anish-kapoor-expose-a-versailles\\\/#primaryimage\"},\"image\":{\"@id\":\"https:\\\/\\\/www.secretdeparis.com\\\/blog\\\/week-end-a-paris\\\/anish-kapoor-expose-a-versailles\\\/#primaryimage\"},\"thumbnailUrl\":\"https:\\\/\\\/www.secretdeparis.com\\\/blog\\\/wp-content\\\/uploads\\\/2015\\\/06\\\/Descension2.png\",\"datePublished\":\"2015-06-15T12:56:37+00:00\",\"dateModified\":\"2016-08-22T12:47:06+00:00\",\"author\":{\"@id\":\"https:\\\/\\\/www.secretdeparis.com\\\/blog\\\/#\\\/schema\\\/person\\\/6e72c593ade1fc0fe18f4f04525eac26\"},\"inLanguage\":\"fr-FR\",\"potentialAction\":[{\"@type\":\"ReadAction\",\"target\":[\"https:\\\/\\\/www.secretdeparis.com\\\/blog\\\/week-end-a-paris\\\/anish-kapoor-expose-a-versailles\\\/\"]}]},{\"@type\":\"ImageObject\",\"inLanguage\":\"fr-FR\",\"@id\":\"https:\\\/\\\/www.secretdeparis.com\\\/blog\\\/week-end-a-paris\\\/anish-kapoor-expose-a-versailles\\\/#primaryimage\",\"url\":\"https:\\\/\\\/www.secretdeparis.com\\\/blog\\\/wp-content\\\/uploads\\\/2015\\\/06\\\/Descension2.png\",\"contentUrl\":\"https:\\\/\\\/www.secretdeparis.com\\\/blog\\\/wp-content\\\/uploads\\\/2015\\\/06\\\/Descension2.png\",\"width\":580,\"height\":385},{\"@type\":\"WebSite\",\"@id\":\"https:\\\/\\\/www.secretdeparis.com\\\/blog\\\/#website\",\"url\":\"https:\\\/\\\/www.secretdeparis.com\\\/blog\\\/\",\"name\":\"Blog Secret de Paris - Hotel &amp; Spa Paris\",\"description\":\"Secret de Paris Hotel &amp; Spa : Le Blog\",\"potentialAction\":[{\"@type\":\"SearchAction\",\"target\":{\"@type\":\"EntryPoint\",\"urlTemplate\":\"https:\\\/\\\/www.secretdeparis.com\\\/blog\\\/?s={search_term_string}\"},\"query-input\":{\"@type\":\"PropertyValueSpecification\",\"valueRequired\":true,\"valueName\":\"search_term_string\"}}],\"inLanguage\":\"fr-FR\"},{\"@type\":\"Person\",\"@id\":\"https:\\\/\\\/www.secretdeparis.com\\\/blog\\\/#\\\/schema\\\/person\\\/6e72c593ade1fc0fe18f4f04525eac26\",\"name\":\"Secret de Paris Hotel &amp; Spa\",\"image\":{\"@type\":\"ImageObject\",\"inLanguage\":\"fr-FR\",\"@id\":\"https:\\\/\\\/secure.gravatar.com\\\/avatar\\\/6726641fcb82ad06eef4240b481472c21e190762518794c35bf2d8c48c383bfd?s=96&d=http%3A%2F%2Fwww.hotel-design-secret-de-paris.com%2Fblog%2F%2Fwp-content%2Fthemes%2Fsimplemag%2Fimages%2Fgravatar-perso.png&r=g\",\"url\":\"https:\\\/\\\/secure.gravatar.com\\\/avatar\\\/6726641fcb82ad06eef4240b481472c21e190762518794c35bf2d8c48c383bfd?s=96&d=http%3A%2F%2Fwww.hotel-design-secret-de-paris.com%2Fblog%2F%2Fwp-content%2Fthemes%2Fsimplemag%2Fimages%2Fgravatar-perso.png&r=g\",\"contentUrl\":\"https:\\\/\\\/secure.gravatar.com\\\/avatar\\\/6726641fcb82ad06eef4240b481472c21e190762518794c35bf2d8c48c383bfd?s=96&d=http%3A%2F%2Fwww.hotel-design-secret-de-paris.com%2Fblog%2F%2Fwp-content%2Fthemes%2Fsimplemag%2Fimages%2Fgravatar-perso.png&r=g\",\"caption\":\"Secret de Paris Hotel &amp; Spa\"}}]}<\/script>\n<!-- \/ Yoast SEO plugin. -->","yoast_head_json":{"title":"Anish Kapoor expose \u00e0 Versailles - Blog Secret de Paris - Hotel &amp; Spa Paris","robots":{"index":"index","follow":"follow","max-snippet":"max-snippet:-1","max-image-preview":"max-image-preview:large","max-video-preview":"max-video-preview:-1"},"canonical":"https:\/\/www.secretdeparis.com\/blog\/week-end-a-paris\/anish-kapoor-expose-a-versailles\/","og_locale":"fr_FR","og_type":"article","og_title":"Anish Kapoor expose \u00e0 Versailles - Blog Secret de Paris - Hotel &amp; Spa Paris","og_description":"Rendez-vous du 09 juin au 01 novembre, pour d\u00e9couvrir l&#8217;exposition d&#8217;Anish Kapoor, au Mus\u00e9e national du ch\u00e2teau de Versailles. Anish Kapoor est un artiste...","og_url":"https:\/\/www.secretdeparis.com\/blog\/week-end-a-paris\/anish-kapoor-expose-a-versailles\/","og_site_name":"Blog Secret de Paris - Hotel &amp; Spa Paris","article_publisher":"https:\/\/fr-fr.facebook.com\/HotelSecretdeParis","article_published_time":"2015-06-15T12:56:37+00:00","article_modified_time":"2016-08-22T12:47:06+00:00","og_image":[{"width":580,"height":385,"url":"https:\/\/www.secretdeparis.com\/blog\/wp-content\/uploads\/2015\/06\/Descension2.png","type":"image\/png"}],"author":"Secret de Paris Hotel &amp; Spa","twitter_misc":{"\u00c9crit par":"Secret de Paris Hotel &amp; Spa"},"schema":{"@context":"https:\/\/schema.org","@graph":[{"@type":"Article","@id":"https:\/\/www.secretdeparis.com\/blog\/week-end-a-paris\/anish-kapoor-expose-a-versailles\/#article","isPartOf":{"@id":"https:\/\/www.secretdeparis.com\/blog\/week-end-a-paris\/anish-kapoor-expose-a-versailles\/"},"author":{"name":"Secret de Paris Hotel &amp; Spa","@id":"https:\/\/www.secretdeparis.com\/blog\/#\/schema\/person\/6e72c593ade1fc0fe18f4f04525eac26"},"headline":"Anish Kapoor expose \u00e0 Versailles","datePublished":"2015-06-15T12:56:37+00:00","dateModified":"2016-08-22T12:47:06+00:00","mainEntityOfPage":{"@id":"https:\/\/www.secretdeparis.com\/blog\/week-end-a-paris\/anish-kapoor-expose-a-versailles\/"},"wordCount":64,"commentCount":0,"image":{"@id":"https:\/\/www.secretdeparis.com\/blog\/week-end-a-paris\/anish-kapoor-expose-a-versailles\/#primaryimage"},"thumbnailUrl":"https:\/\/www.secretdeparis.com\/blog\/wp-content\/uploads\/2015\/06\/Descension2.png","articleSection":["Week-end \u00e0 Paris"],"inLanguage":"fr-FR"},{"@type":"WebPage","@id":"https:\/\/www.secretdeparis.com\/blog\/week-end-a-paris\/anish-kapoor-expose-a-versailles\/","url":"https:\/\/www.secretdeparis.com\/blog\/week-end-a-paris\/anish-kapoor-expose-a-versailles\/","name":"Anish Kapoor expose \u00e0 Versailles - Blog Secret de Paris - Hotel &amp; Spa Paris","isPartOf":{"@id":"https:\/\/www.secretdeparis.com\/blog\/#website"},"primaryImageOfPage":{"@id":"https:\/\/www.secretdeparis.com\/blog\/week-end-a-paris\/anish-kapoor-expose-a-versailles\/#primaryimage"},"image":{"@id":"https:\/\/www.secretdeparis.com\/blog\/week-end-a-paris\/anish-kapoor-expose-a-versailles\/#primaryimage"},"thumbnailUrl":"https:\/\/www.secretdeparis.com\/blog\/wp-content\/uploads\/2015\/06\/Descension2.png","datePublished":"2015-06-15T12:56:37+00:00","dateModified":"2016-08-22T12:47:06+00:00","author":{"@id":"https:\/\/www.secretdeparis.com\/blog\/#\/schema\/person\/6e72c593ade1fc0fe18f4f04525eac26"},"inLanguage":"fr-FR","potentialAction":[{"@type":"ReadAction","target":["https:\/\/www.secretdeparis.com\/blog\/week-end-a-paris\/anish-kapoor-expose-a-versailles\/"]}]},{"@type":"ImageObject","inLanguage":"fr-FR","@id":"https:\/\/www.secretdeparis.com\/blog\/week-end-a-paris\/anish-kapoor-expose-a-versailles\/#primaryimage","url":"https:\/\/www.secretdeparis.com\/blog\/wp-content\/uploads\/2015\/06\/Descension2.png","contentUrl":"https:\/\/www.secretdeparis.com\/blog\/wp-content\/uploads\/2015\/06\/Descension2.png","width":580,"height":385},{"@type":"WebSite","@id":"https:\/\/www.secretdeparis.com\/blog\/#website","url":"https:\/\/www.secretdeparis.com\/blog\/","name":"Blog Secret de Paris - Hotel &amp; Spa Paris","description":"Secret de Paris Hotel &amp; Spa : Le Blog","potentialAction":[{"@type":"SearchAction","target":{"@type":"EntryPoint","urlTemplate":"https:\/\/www.secretdeparis.com\/blog\/?s={search_term_string}"},"query-input":{"@type":"PropertyValueSpecification","valueRequired":true,"valueName":"search_term_string"}}],"inLanguage":"fr-FR"},{"@type":"Person","@id":"https:\/\/www.secretdeparis.com\/blog\/#\/schema\/person\/6e72c593ade1fc0fe18f4f04525eac26","name":"Secret de Paris Hotel &amp; Spa","image":{"@type":"ImageObject","inLanguage":"fr-FR","@id":"https:\/\/secure.gravatar.com\/avatar\/6726641fcb82ad06eef4240b481472c21e190762518794c35bf2d8c48c383bfd?s=96&d=http%3A%2F%2Fwww.hotel-design-secret-de-paris.com%2Fblog%2F%2Fwp-content%2Fthemes%2Fsimplemag%2Fimages%2Fgravatar-perso.png&r=g","url":"https:\/\/secure.gravatar.com\/avatar\/6726641fcb82ad06eef4240b481472c21e190762518794c35bf2d8c48c383bfd?s=96&d=http%3A%2F%2Fwww.hotel-design-secret-de-paris.com%2Fblog%2F%2Fwp-content%2Fthemes%2Fsimplemag%2Fimages%2Fgravatar-perso.png&r=g","contentUrl":"https:\/\/secure.gravatar.com\/avatar\/6726641fcb82ad06eef4240b481472c21e190762518794c35bf2d8c48c383bfd?s=96&d=http%3A%2F%2Fwww.hotel-design-secret-de-paris.com%2Fblog%2F%2Fwp-content%2Fthemes%2Fsimplemag%2Fimages%2Fgravatar-perso.png&r=g","caption":"Secret de Paris Hotel &amp; Spa"}}]}},"_links":{"self":[{"href":"https:\/\/www.secretdeparis.com\/blog\/wp-json\/wp\/v2\/posts\/1179","targetHints":{"allow":["GET"]}}],"collection":[{"href":"https:\/\/www.secretdeparis.com\/blog\/wp-json\/wp\/v2\/posts"}],"about":[{"href":"https:\/\/www.secretdeparis.com\/blog\/wp-json\/wp\/v2\/types\/post"}],"author":[{"embeddable":true,"href":"https:\/\/www.secretdeparis.com\/blog\/wp-json\/wp\/v2\/users\/11"}],"replies":[{"embeddable":true,"href":"https:\/\/www.secretdeparis.com\/blog\/wp-json\/wp\/v2\/comments?post=1179"}],"version-history":[{"count":4,"href":"https:\/\/www.secretdeparis.com\/blog\/wp-json\/wp\/v2\/posts\/1179\/revisions"}],"predecessor-version":[{"id":1250,"href":"https:\/\/www.secretdeparis.com\/blog\/wp-json\/wp\/v2\/posts\/1179\/revisions\/1250"}],"wp:featuredmedia":[{"embeddable":true,"href":"https:\/\/www.secretdeparis.com\/blog\/wp-json\/wp\/v2\/media\/1180"}],"wp:attachment":[{"href":"https:\/\/www.secretdeparis.com\/blog\/wp-json\/wp\/v2\/media?parent=1179"}],"wp:term":[{"taxonomy":"category","embeddable":true,"href":"https:\/\/www.secretdeparis.com\/blog\/wp-json\/wp\/v2\/categories?post=1179"},{"taxonomy":"post_tag","embeddable":true,"href":"https:\/\/www.secretdeparis.com\/blog\/wp-json\/wp\/v2\/tags?post=1179"}],"curies":[{"name":"wp","href":"https:\/\/api.w.org\/{rel}","templated":true}]}}