{"id":1420,"date":"2015-09-14T11:41:51","date_gmt":"2015-09-14T10:41:51","guid":{"rendered":"https:\/\/www.secretdeparis.com\/blog\/?p=1420"},"modified":"2025-04-16T18:12:20","modified_gmt":"2025-04-16T17:12:20","slug":"journees-du-patrimoine-a-paris-19-20-sept","status":"publish","type":"post","link":"https:\/\/www.secretdeparis.com\/blog\/week-end-a-paris\/journees-du-patrimoine-a-paris-19-20-sept\/","title":{"rendered":"Journ\u00e9es du Patrimoine \u00e0 Paris : 19 &#038; 20 Sept."},"content":{"rendered":"<p>Profitez des journ\u00e9es du Patrimoine lors de votre prochain week-end \u00e0 Paris : 19 &amp; 20 Septembre 2015.<\/p>\n<p>Cet \u00e9v\u00e8nement vous permet de d\u00e9couvrir les lieux les plus embl\u00e9matiques de Paris \u00e0 travers de nombreuses visites guid\u00e9es propos\u00e9es gratuitement. Vous pouvez bien s\u00fbr visiter les sites les plus classiques ( Exemples : <a href=\"http:\/\/www.chateauversailles.fr\" target=\"_blank\">Le Ch\u00e2teau de Versailles<\/a>, <a href=\"https:\/\/www.mnhn.fr\/fr\" target=\"_blank\">Le Mus\u00e9e National d&#8217;Histoire Naturelle<\/a>, <a href=\"http:\/\/pantheon.monuments-nationaux.fr\/\" target=\"_blank\">Le Panth\u00e9on <\/a>, <a href=\"http:\/\/palais-royal.monuments-nationaux.fr\/fr\/\" target=\"_blank\">Le Palais Royal\u00a0<\/a> , <a href=\"http:\/\/notre-dame-de-paris.monuments-nationaux.fr\/fr\/\" target=\"_blank\">Notre Dame de Paris<\/a>&#8230;) si vous n&#8217;avez encore jamais eu l&#8217;occasion de les visiter. Cependant, ces grands monuments risquent d&#8217;\u00eatre tr\u00e8s visit\u00e9s en ce week-end des journ\u00e9es du patrimoine. C&#8217;est pourquoi, nous avons fait une petite s\u00e9lection de sites qui valent le d\u00e9tour mais qui seront un peu moins satur\u00e9s !<\/p>\n<h1><a href=\"http:\/\/parismusees.paris.fr\/fr\/les-musees-de-la-ville-de-paris\/le-reseau-des-musees-de-la-ville-de-paris\/musee-de-la-vie-romantique\" target=\"_blank\">Le Mus\u00e9e de la vie romantique <\/a><\/h1>\n<p><img loading=\"lazy\" decoding=\"async\" class=\"alignnone size-full wp-image-1353\" src=\"https:\/\/www.secretdeparis.com\/blog\/wp-content\/uploads\/2015\/08\/musee-vie-romantique.jpg\" alt=\"musee-vie-romantique\" width=\"700\" height=\"320\" srcset=\"https:\/\/www.secretdeparis.com\/blog\/wp-content\/uploads\/2015\/08\/musee-vie-romantique.jpg 700w, https:\/\/www.secretdeparis.com\/blog\/wp-content\/uploads\/2015\/08\/musee-vie-romantique-300x137.jpg 300w, https:\/\/www.secretdeparis.com\/blog\/wp-content\/uploads\/2015\/08\/musee-vie-romantique-600x274.jpg 600w\" sizes=\"auto, (max-width: 700px) 100vw, 700px\" \/><\/p>\n<p>\u00ab Le Mus\u00e9e de la Vie Romantique\u00bb , situ\u00e9 dans le quartier de Pigalle \u00e0 deux pas de l\u2019H\u00f4tel Secret de Paris, est, comme son nom l\u2019indique, un lieu rempli charg\u00e9 d\u2019histoire et de romantisme. Ce fut \u00e0 l\u2019\u00e9poque la maison du peintre Ary Scheffer, construite en 1830. Le rez-de-chauss\u00e9e est consacr\u00e9 \u00e0 la c\u00e9l\u00e8bre femme de Lettres Georges Sand, exposant mobilier et objets d\u2019arts des XVIIIe et XIXe si\u00e8cles. Si le temps le permet, profitez du jardin du mus\u00e9e pour vous pr\u00e9lasser autour d\u2019une tasse de th\u00e9\u2026un v\u00e9ritable havre de paix ouvert de mars \u00e0 octobre.<\/p>\n<p>Mus\u00e9e de la Vie Romantique<\/p>\n<p>16 Rue Chaptal, 75009 Paris<br \/>\n01 55 31 95 67<\/p>\n<p><a href=\"http:\/\/www.parisetudiant.com\/etudiant\/sortie\/musee-de-la-vie-romantique-paris-journees-patrimoine-2015.html\" target=\"_blank\">Voir le programme du mus\u00e9e \u00e0 l&#8217;occasion des joun\u00e9es du patrimoine 2015<\/a><\/p>\n<p>&nbsp;<\/p>\n<h1>L&#8217;h\u00f4pital Saint Louis<\/h1>\n<p>A l\u2019occasion des journ\u00e9es du patrimoine, l\u2019h\u00f4pital Saint-Louis ouvre ses portes le<span class=\"Apple-converted-space\">\u00a0<\/span>dimanche 20 septembre 2015<span class=\"Apple-converted-space\">\u00a0<\/span>(12h \u00e0 18h) pour une d\u00e9ambulation \u00e0 travers les \u00e9poques, du XVII\u00e8me au XXI\u00e8me si\u00e8cle.<br \/>\n<img loading=\"lazy\" decoding=\"async\" class=\"alignnone size-large wp-image-1421\" src=\"https:\/\/www.secretdeparis.com\/blog\/wp-content\/uploads\/2015\/09\/Affiche-jdp-2015_Page_1-722x1024-722x1024.jpg\" alt=\"Affiche-jdp-2015_Page_1-722x1024\" width=\"690\" height=\"979\" srcset=\"https:\/\/www.secretdeparis.com\/blog\/wp-content\/uploads\/2015\/09\/Affiche-jdp-2015_Page_1-722x1024.jpg 722w, https:\/\/www.secretdeparis.com\/blog\/wp-content\/uploads\/2015\/09\/Affiche-jdp-2015_Page_1-722x1024-212x300.jpg 212w, https:\/\/www.secretdeparis.com\/blog\/wp-content\/uploads\/2015\/09\/Affiche-jdp-2015_Page_1-722x1024-600x851.jpg 600w, https:\/\/www.secretdeparis.com\/blog\/wp-content\/uploads\/2015\/09\/Affiche-jdp-2015_Page_1-722x1024-409x580.jpg 409w\" sizes=\"auto, (max-width: 690px) 100vw, 690px\" \/><\/p>\n<p>1, avenue Claude Vellefaux 75010 Paris<br \/>\nMetro : R\u00e9publique<br \/>\nHoraires : 12h \u00e0 18h<br \/>\nweb : <a href=\"http:\/\/ghparis10.aphp.fr\/journee-du-patrimoine-a-saint-louis\/\" target=\"_blank\">http:\/\/ghparis10.aphp.fr\/journee-du-patrimoine-a-saint-louis\/<\/a><\/p>\n<h1><a href=\"http:\/\/www.lavilladesarts.org\/\" target=\"_blank\">La Villa des Arts <\/a><\/h1>\n<p>Situ\u00e9 non loin de la Place Clichy dans le 18e arrondissement, la Villa des Arts est une cit\u00e9 d\u2019artistes qui accueille 47 ateliers d&#8217;artistes contemporains. Visitez la villa, d\u00e9couvrez les fa\u00e7ades des ateliers et l&#8217;escalier monumental.<\/p>\n<p><img loading=\"lazy\" decoding=\"async\" class=\"alignnone size-large wp-image-1422\" src=\"https:\/\/www.secretdeparis.com\/blog\/wp-content\/uploads\/2015\/09\/villa-des-arts-paris-1024x964.jpg\" alt=\"villa-des-arts-paris\" width=\"690\" height=\"650\" srcset=\"https:\/\/www.secretdeparis.com\/blog\/wp-content\/uploads\/2015\/09\/villa-des-arts-paris-1024x964.jpg 1024w, https:\/\/www.secretdeparis.com\/blog\/wp-content\/uploads\/2015\/09\/villa-des-arts-paris-300x282.jpg 300w, https:\/\/www.secretdeparis.com\/blog\/wp-content\/uploads\/2015\/09\/villa-des-arts-paris-600x565.jpg 600w, https:\/\/www.secretdeparis.com\/blog\/wp-content\/uploads\/2015\/09\/villa-des-arts-paris-616x580.jpg 616w, https:\/\/www.secretdeparis.com\/blog\/wp-content\/uploads\/2015\/09\/villa-des-arts-paris.jpg 1360w\" sizes=\"auto, (max-width: 690px) 100vw, 690px\" \/><\/p>\n<p>15, rue H\u00e9g\u00e9sippe-Moreau 75018 Paris<br \/>\nM\u00e9tro : La Fourche<br \/>\nHoraires : 11h, 14h et 16h (inscription n\u00e9cessaire)<br \/>\n5 euros<\/p>\n<p><a href=\"http:\/\/www.lavilladesarts.org\/\" target=\"_blank\">http:\/\/www.lavilladesarts.org\/<\/a><\/p>\n<h1><a href=\"http:\/\/haussmann.galerieslafayette.com\/culture-et-patrimoine\/\" target=\"_blank\">Galeries Lafayette<\/a><\/h1>\n<p><img loading=\"lazy\" decoding=\"async\" class=\"alignnone size-full wp-image-1423\" src=\"https:\/\/www.secretdeparis.com\/blog\/wp-content\/uploads\/2015\/09\/galeries-lafayettes.jpg\" alt=\"galeries-lafayettes\" width=\"700\" height=\"511\" srcset=\"https:\/\/www.secretdeparis.com\/blog\/wp-content\/uploads\/2015\/09\/galeries-lafayettes.jpg 700w, https:\/\/www.secretdeparis.com\/blog\/wp-content\/uploads\/2015\/09\/galeries-lafayettes-300x219.jpg 300w, https:\/\/www.secretdeparis.com\/blog\/wp-content\/uploads\/2015\/09\/galeries-lafayettes-600x438.jpg 600w\" sizes=\"auto, (max-width: 700px) 100vw, 700px\" \/><\/p>\n<p>Les Galeries Lafayette participeront le 19 septembre aux Journ\u00e9es Europ\u00e9ennes du Patrimoine.<br \/>\nEnseigne embl\u00e9matique du Paris Art Nouveau, les Galeries Lafayette ont vu le jour en 1894. La c\u00e9l\u00e8bre coupole inaugur\u00e9e en 1912 attire encore aujourd\u2019hui de nombreux visiteurs.<br \/>\nLes journ\u00e9es du patrimoine sont l\u2019occasion de faire d\u00e9couvrir aux visiteurs en un parcours de 45minutes les secrets du grand magasin, son histoire, son embellissement, et l\u2018ensemble de son \u00e9volution au fil du temps.<\/p>\n<p>Galeries Lafayette<br \/>\n40 boulevard Haussmann, 75009 Paris 9\u00e8me<span class=\"Apple-converted-space\"><br \/>\n<\/span><\/p>\n<p><a href=\"http:\/\/haussmann.galerieslafayette.com\/journees-europeennes-du-patrimoine\/\" target=\"_blank\">http:\/\/haussmann.galerieslafayette.com\/journees-europeennes-du-patrimoine\/<\/a><\/p>\n<p>&nbsp;<\/p>\n<h1>FONDATION LOUIS VUITTON<\/h1>\n<p><img loading=\"lazy\" decoding=\"async\" class=\"alignnone size-full wp-image-1429\" src=\"https:\/\/www.secretdeparis.com\/blog\/wp-content\/uploads\/2015\/09\/fondation-louis-vuitton-paris.jpg\" alt=\"fondation-louis-vuitton-paris\" width=\"900\" height=\"600\" \/><br \/>\nNouveau lieu parisien d\u00e9di\u00e9 \u00e0 l\u2019art contemporain inaugur\u00e9 il y a moins d\u2019un an,\u00a0 la fondation Louis Vuitton sera ouverte au public pour ces journ\u00e9es du patrimoine. L\u2019occasion de visiter en acc\u00e8s libre ce v\u00e9ritable chef d\u2019\u0153uvre cr\u00e9\u00e9e par l\u2019architecte Frank Gehry abritant en plein c\u0153ur du Bois de Boulogne les plus grandes collections artistiques contemporaines.<\/p>\n<p>Fondation Louis Vuitton<br \/>\n8 avenue du Mahatma Gandhi<br \/>\n75116 Paris<br \/>\n01 40 69 96 00<\/p>\n<p><a href=\"http:\/\/www.fondationlouisvuitton.fr\/\" target=\"_blank\">http:\/\/www.fondationlouisvuitton.fr\/<\/a><\/p>\n<p>M\u00e9tro ligne 1 Sablon<\/p>\n<p>11h-20h<\/p>\n<p>&nbsp;<\/p>\n<h1>ROLAND GARROS<\/h1>\n<figure id=\"attachment_1428\" aria-describedby=\"caption-attachment-1428\" style=\"width: 900px\" class=\"wp-caption alignnone\"><img loading=\"lazy\" decoding=\"async\" class=\"size-full wp-image-1428\" src=\"https:\/\/www.secretdeparis.com\/blog\/wp-content\/uploads\/2015\/09\/roland-garros-paris.jpg\" alt=\"Source image :http:\/\/media.rtl.fr\/online\/image\/2014\/0608\/7772484649_le-cour-central-de-roland-garros-etait-plein-a-craquer-pour-la-finale-du-tournpoi-opposant-nadal-a-djokovic-dimanche-8-juin-2014.jpg\" width=\"900\" height=\"600\" srcset=\"https:\/\/www.secretdeparis.com\/blog\/wp-content\/uploads\/2015\/09\/roland-garros-paris.jpg 900w, https:\/\/www.secretdeparis.com\/blog\/wp-content\/uploads\/2015\/09\/roland-garros-paris-300x200.jpg 300w, https:\/\/www.secretdeparis.com\/blog\/wp-content\/uploads\/2015\/09\/roland-garros-paris-600x400.jpg 600w, https:\/\/www.secretdeparis.com\/blog\/wp-content\/uploads\/2015\/09\/roland-garros-paris-296x197.jpg 296w, https:\/\/www.secretdeparis.com\/blog\/wp-content\/uploads\/2015\/09\/roland-garros-paris-870x580.jpg 870w\" sizes=\"auto, (max-width: 900px) 100vw, 900px\" \/><figcaption id=\"caption-attachment-1428\" class=\"wp-caption-text\">Source image : http:\/\/media.rtl.fr\/online\/image\/2014\/0608\/7772484649_le-cour-central-de-roland-garros-etait-plein-a-craquer-pour-la-finale-du-tournpoi-opposant-nadal-a-djokovic-dimanche-8-juin-2014.jpg<\/figcaption><\/figure>\n<p>Le stade embl\u00e9matique du tennis fran\u00e7ais ouvre ses portes gratuitement au public. Un r\u00eave pour tous les passionn\u00e9s de tennis qui pourront fouler le sol de ce lieu mythique qui a vu concourir les plus grands joueurs de l\u2019histoire !<\/p>\n<p>Stade Roland Garros, 2 avenue Gordon Bennett, 75016 Paris<br \/>\n01 47 43 48 00<\/p>\n<p><a href=\"http:\/\/www.rolandgarros.com\/fr_FR\/\" target=\"_blank\">http:\/\/www.rolandgarros.com\/fr_FR\/<\/a><\/p>\n<h1>LA TOUR SAINT JACQUES<\/h1>\n<figure id=\"attachment_1427\" aria-describedby=\"caption-attachment-1427\" style=\"width: 690px\" class=\"wp-caption alignnone\"><img loading=\"lazy\" decoding=\"async\" class=\"size-large wp-image-1427\" src=\"https:\/\/www.secretdeparis.com\/blog\/wp-content\/uploads\/2015\/09\/tous-saint-jacques-paris-768x1024.jpg\" alt=\"Source image: https:\/\/www.flickr.com\/photos\/41583834@N03\/8033645528\" width=\"690\" height=\"920\" srcset=\"https:\/\/www.secretdeparis.com\/blog\/wp-content\/uploads\/2015\/09\/tous-saint-jacques-paris.jpg 768w, https:\/\/www.secretdeparis.com\/blog\/wp-content\/uploads\/2015\/09\/tous-saint-jacques-paris-225x300.jpg 225w, https:\/\/www.secretdeparis.com\/blog\/wp-content\/uploads\/2015\/09\/tous-saint-jacques-paris-600x800.jpg 600w, https:\/\/www.secretdeparis.com\/blog\/wp-content\/uploads\/2015\/09\/tous-saint-jacques-paris-435x580.jpg 435w\" sizes=\"auto, (max-width: 690px) 100vw, 690px\" \/><figcaption id=\"caption-attachment-1427\" class=\"wp-caption-text\">Source image: https:\/\/www.flickr.com\/photos\/41583834@N03\/8033645528<\/figcaption><\/figure>\n<p>Monter au sommet de la Tour Saint-Jacques, c\u2019est s\u2019\u00e9lever \u00e0 54m\u00e8tres de haut pour contempler la beaut\u00e9 de Paris! Une ascension de 300 marches se faisant par petits groupes pour une vue \u00e0 couper le souffle. Apr\u00e8s neuf ans de travaux la tour n\u2019est r\u00e9 ouverte que depuis l\u2019an dernier.<\/p>\n<p>Inscriptions au pied de la Tour \u00e0 partir de 9h30<br \/>\nD\u00e9part des visites toutes les heures de 10h \u00e0 17h.<br \/>\nVisite d\u00e9conseill\u00e9e aux personnes ayant des difficult\u00e9s physiques ou souffrant de vertige.<br \/>\nTour Saint Jacques<br \/>\n39 rue de Rivoli<br \/>\n75004 Paris<\/p>\n<p>&nbsp;<\/p>\n<h2>Liens utiles<\/h2>\n<ul>\n<li><a href=\"http:\/\/journeesdupatrimoine.culturecommunication.gouv.fr\/\" target=\"_blank\">http:\/\/journeesdupatrimoine.culturecommunication.gouv.fr\/<\/a><\/li>\n<li><a href=\"http:\/\/www.evous.fr\/Journees-du-patrimoine-Paris-programme-dans-le-9e-arrondissement-1136854\" target=\"_blank\">http:\/\/www.evous.fr\/Journees-du-patrimoine-Paris-programme-dans-le-9e-arrondissement-1136854<\/a><\/li>\n<li><a href=\"http:\/\/www.evous.fr\/Journees-du-Patrimoine-programme-a-Paris-1163347.html\" target=\"_blank\">http:\/\/www.evous.fr\/Journees-du-Patrimoine-programme-a-Paris-1163347.html<\/a><\/li>\n<li><a href=\"http:\/\/www.sortiraparis.com\/arts-culture\/balades\/guides\/54048-les-journees-du-patrimoine-2015-a-paris-et-en-ile-de-france\" target=\"_blank\">http:\/\/www.sortiraparis.com\/arts-culture\/balades\/guides\/54048-les-journees-du-patrimoine-2015-a-paris-et-en-ile-de-france<\/a><\/li>\n<li><a href=\"http:\/\/www.proxifun.com\" target=\"_blank\">http:\/\/www.proxifun.com<\/a><\/li>\n<\/ul>\n","protected":false},"excerpt":{"rendered":"<p>Profitez des journ\u00e9es du Patrimoine lors de votre prochain week-end \u00e0 Paris : 19 &amp; 20 Septembre 2015. Cet \u00e9v\u00e8nement vous permet de d\u00e9couvrir&#8230;<\/p>\n","protected":false},"author":4,"featured_media":0,"comment_status":"closed","ping_status":"closed","sticky":false,"template":"","format":"standard","meta":{"footnotes":""},"categories":[8],"tags":[],"class_list":["post-1420","post","type-post","status-publish","format-standard","hentry","category-week-end-a-paris","post-item","post-even"],"yoast_head":"<!-- This site is optimized with the Yoast SEO plugin v27.4 - https:\/\/yoast.com\/product\/yoast-seo-wordpress\/ -->\n<title>Journ\u00e9es du Patrimoine \u00e0 Paris : 19 &amp; 20 Sept. - Week-end Paris<\/title>\n<meta name=\"robots\" content=\"index, follow, max-snippet:-1, max-image-preview:large, max-video-preview:-1\" \/>\n<link rel=\"canonical\" href=\"https:\/\/www.secretdeparis.com\/blog\/week-end-a-paris\/journees-du-patrimoine-a-paris-19-20-sept\/\" \/>\n<meta property=\"og:locale\" content=\"fr_FR\" \/>\n<meta property=\"og:type\" content=\"article\" \/>\n<meta property=\"og:title\" content=\"Journ\u00e9es du Patrimoine \u00e0 Paris : 19 &amp; 20 Sept. - Week-end Paris\" \/>\n<meta property=\"og:description\" content=\"Profitez des journ\u00e9es du Patrimoine lors de votre prochain week-end \u00e0 Paris : 19 &amp; 20 Septembre 2015. Cet \u00e9v\u00e8nement vous permet de d\u00e9couvrir...\" \/>\n<meta property=\"og:url\" content=\"https:\/\/www.secretdeparis.com\/blog\/week-end-a-paris\/journees-du-patrimoine-a-paris-19-20-sept\/\" \/>\n<meta property=\"og:site_name\" content=\"Blog Secret de Paris - Hotel &amp; Spa Paris\" \/>\n<meta property=\"article:publisher\" content=\"https:\/\/fr-fr.facebook.com\/HotelSecretdeParis\" \/>\n<meta property=\"article:published_time\" content=\"2015-09-14T10:41:51+00:00\" \/>\n<meta property=\"article:modified_time\" content=\"2025-04-16T17:12:20+00:00\" \/>\n<meta property=\"og:image\" content=\"https:\/\/www.secretdeparis.com\/blog\/wp-content\/uploads\/2015\/08\/musee-vie-romantique.jpg\" \/>\n\t<meta property=\"og:image:width\" content=\"700\" \/>\n\t<meta property=\"og:image:height\" content=\"320\" \/>\n\t<meta property=\"og:image:type\" content=\"image\/jpeg\" \/>\n<meta name=\"author\" content=\"Secret de Paris - H\u00f4tel &amp; Spa\" \/>\n<meta name=\"twitter:label1\" content=\"\u00c9crit par\" \/>\n\t<meta name=\"twitter:data1\" content=\"Secret de Paris - H\u00f4tel &amp; Spa\" \/>\n\t<meta name=\"twitter:label2\" content=\"Dur\u00e9e de lecture estim\u00e9e\" \/>\n\t<meta name=\"twitter:data2\" content=\"4 minutes\" \/>\n<script type=\"application\/ld+json\" class=\"yoast-schema-graph\">{\"@context\":\"https:\\\/\\\/schema.org\",\"@graph\":[{\"@type\":\"Article\",\"@id\":\"https:\\\/\\\/www.secretdeparis.com\\\/blog\\\/week-end-a-paris\\\/journees-du-patrimoine-a-paris-19-20-sept\\\/#article\",\"isPartOf\":{\"@id\":\"https:\\\/\\\/www.secretdeparis.com\\\/blog\\\/week-end-a-paris\\\/journees-du-patrimoine-a-paris-19-20-sept\\\/\"},\"author\":{\"name\":\"Secret de Paris - H\u00f4tel &amp; Spa\",\"@id\":\"https:\\\/\\\/www.secretdeparis.com\\\/blog\\\/#\\\/schema\\\/person\\\/985e3aba0b7518e129fd38bd6c35ef31\"},\"headline\":\"Journ\u00e9es du Patrimoine \u00e0 Paris : 19 &#038; 20 Sept.\",\"datePublished\":\"2015-09-14T10:41:51+00:00\",\"dateModified\":\"2025-04-16T17:12:20+00:00\",\"mainEntityOfPage\":{\"@id\":\"https:\\\/\\\/www.secretdeparis.com\\\/blog\\\/week-end-a-paris\\\/journees-du-patrimoine-a-paris-19-20-sept\\\/\"},\"wordCount\":799,\"image\":{\"@id\":\"https:\\\/\\\/www.secretdeparis.com\\\/blog\\\/week-end-a-paris\\\/journees-du-patrimoine-a-paris-19-20-sept\\\/#primaryimage\"},\"thumbnailUrl\":\"https:\\\/\\\/www.secretdeparis.com\\\/blog\\\/wp-content\\\/uploads\\\/2015\\\/08\\\/musee-vie-romantique.jpg\",\"articleSection\":[\"Week-end \u00e0 Paris\"],\"inLanguage\":\"fr-FR\"},{\"@type\":\"WebPage\",\"@id\":\"https:\\\/\\\/www.secretdeparis.com\\\/blog\\\/week-end-a-paris\\\/journees-du-patrimoine-a-paris-19-20-sept\\\/\",\"url\":\"https:\\\/\\\/www.secretdeparis.com\\\/blog\\\/week-end-a-paris\\\/journees-du-patrimoine-a-paris-19-20-sept\\\/\",\"name\":\"Journ\u00e9es du Patrimoine \u00e0 Paris : 19 & 20 Sept. - Week-end Paris\",\"isPartOf\":{\"@id\":\"https:\\\/\\\/www.secretdeparis.com\\\/blog\\\/#website\"},\"primaryImageOfPage\":{\"@id\":\"https:\\\/\\\/www.secretdeparis.com\\\/blog\\\/week-end-a-paris\\\/journees-du-patrimoine-a-paris-19-20-sept\\\/#primaryimage\"},\"image\":{\"@id\":\"https:\\\/\\\/www.secretdeparis.com\\\/blog\\\/week-end-a-paris\\\/journees-du-patrimoine-a-paris-19-20-sept\\\/#primaryimage\"},\"thumbnailUrl\":\"https:\\\/\\\/www.secretdeparis.com\\\/blog\\\/wp-content\\\/uploads\\\/2015\\\/08\\\/musee-vie-romantique.jpg\",\"datePublished\":\"2015-09-14T10:41:51+00:00\",\"dateModified\":\"2025-04-16T17:12:20+00:00\",\"author\":{\"@id\":\"https:\\\/\\\/www.secretdeparis.com\\\/blog\\\/#\\\/schema\\\/person\\\/985e3aba0b7518e129fd38bd6c35ef31\"},\"inLanguage\":\"fr-FR\",\"potentialAction\":[{\"@type\":\"ReadAction\",\"target\":[\"https:\\\/\\\/www.secretdeparis.com\\\/blog\\\/week-end-a-paris\\\/journees-du-patrimoine-a-paris-19-20-sept\\\/\"]}]},{\"@type\":\"ImageObject\",\"inLanguage\":\"fr-FR\",\"@id\":\"https:\\\/\\\/www.secretdeparis.com\\\/blog\\\/week-end-a-paris\\\/journees-du-patrimoine-a-paris-19-20-sept\\\/#primaryimage\",\"url\":\"https:\\\/\\\/www.secretdeparis.com\\\/blog\\\/wp-content\\\/uploads\\\/2015\\\/08\\\/musee-vie-romantique.jpg\",\"contentUrl\":\"https:\\\/\\\/www.secretdeparis.com\\\/blog\\\/wp-content\\\/uploads\\\/2015\\\/08\\\/musee-vie-romantique.jpg\",\"width\":700,\"height\":320},{\"@type\":\"WebSite\",\"@id\":\"https:\\\/\\\/www.secretdeparis.com\\\/blog\\\/#website\",\"url\":\"https:\\\/\\\/www.secretdeparis.com\\\/blog\\\/\",\"name\":\"Blog Secret de Paris - Hotel &amp; Spa Paris\",\"description\":\"Secret de Paris Hotel &amp; Spa : Le Blog\",\"potentialAction\":[{\"@type\":\"SearchAction\",\"target\":{\"@type\":\"EntryPoint\",\"urlTemplate\":\"https:\\\/\\\/www.secretdeparis.com\\\/blog\\\/?s={search_term_string}\"},\"query-input\":{\"@type\":\"PropertyValueSpecification\",\"valueRequired\":true,\"valueName\":\"search_term_string\"}}],\"inLanguage\":\"fr-FR\"},{\"@type\":\"Person\",\"@id\":\"https:\\\/\\\/www.secretdeparis.com\\\/blog\\\/#\\\/schema\\\/person\\\/985e3aba0b7518e129fd38bd6c35ef31\",\"name\":\"Secret de Paris - H\u00f4tel &amp; Spa\",\"image\":{\"@type\":\"ImageObject\",\"inLanguage\":\"fr-FR\",\"@id\":\"https:\\\/\\\/secure.gravatar.com\\\/avatar\\\/ce6d03bfa6476ec3c26f7f7fc9884a94145cc334e295b932bd9f2e8e902c17c9?s=96&d=http%3A%2F%2Fwww.hotel-design-secret-de-paris.com%2Fblog%2F%2Fwp-content%2Fthemes%2Fsimplemag%2Fimages%2Fgravatar-perso.png&r=g\",\"url\":\"https:\\\/\\\/secure.gravatar.com\\\/avatar\\\/ce6d03bfa6476ec3c26f7f7fc9884a94145cc334e295b932bd9f2e8e902c17c9?s=96&d=http%3A%2F%2Fwww.hotel-design-secret-de-paris.com%2Fblog%2F%2Fwp-content%2Fthemes%2Fsimplemag%2Fimages%2Fgravatar-perso.png&r=g\",\"contentUrl\":\"https:\\\/\\\/secure.gravatar.com\\\/avatar\\\/ce6d03bfa6476ec3c26f7f7fc9884a94145cc334e295b932bd9f2e8e902c17c9?s=96&d=http%3A%2F%2Fwww.hotel-design-secret-de-paris.com%2Fblog%2F%2Fwp-content%2Fthemes%2Fsimplemag%2Fimages%2Fgravatar-perso.png&r=g\",\"caption\":\"Secret de Paris - H\u00f4tel &amp; Spa\"},\"description\":\"Le Secret de Paris H\u00f4tel &amp; Spa est un h\u00f4tel de charme de 29 chambres, toutes d\u00e9cor\u00e9es sur l'un des 6 th\u00e8mes suivant: Mus\u00e9e d\u2019Orsay, Moulin Rouge, Tour Eiffel, Op\u00e9ra Garnier, Trocad\u00e9ro et Atelier d\u2019Artiste.\"}]}<\/script>\n<!-- \/ Yoast SEO plugin. -->","yoast_head_json":{"title":"Journ\u00e9es du Patrimoine \u00e0 Paris : 19 & 20 Sept. - Week-end Paris","robots":{"index":"index","follow":"follow","max-snippet":"max-snippet:-1","max-image-preview":"max-image-preview:large","max-video-preview":"max-video-preview:-1"},"canonical":"https:\/\/www.secretdeparis.com\/blog\/week-end-a-paris\/journees-du-patrimoine-a-paris-19-20-sept\/","og_locale":"fr_FR","og_type":"article","og_title":"Journ\u00e9es du Patrimoine \u00e0 Paris : 19 & 20 Sept. - Week-end Paris","og_description":"Profitez des journ\u00e9es du Patrimoine lors de votre prochain week-end \u00e0 Paris : 19 &amp; 20 Septembre 2015. Cet \u00e9v\u00e8nement vous permet de d\u00e9couvrir...","og_url":"https:\/\/www.secretdeparis.com\/blog\/week-end-a-paris\/journees-du-patrimoine-a-paris-19-20-sept\/","og_site_name":"Blog Secret de Paris - Hotel &amp; Spa Paris","article_publisher":"https:\/\/fr-fr.facebook.com\/HotelSecretdeParis","article_published_time":"2015-09-14T10:41:51+00:00","article_modified_time":"2025-04-16T17:12:20+00:00","og_image":[{"width":700,"height":320,"url":"https:\/\/www.secretdeparis.com\/blog\/wp-content\/uploads\/2015\/08\/musee-vie-romantique.jpg","type":"image\/jpeg"}],"author":"Secret de Paris - H\u00f4tel &amp; Spa","twitter_misc":{"\u00c9crit par":"Secret de Paris - H\u00f4tel &amp; Spa","Dur\u00e9e de lecture estim\u00e9e":"4 minutes"},"schema":{"@context":"https:\/\/schema.org","@graph":[{"@type":"Article","@id":"https:\/\/www.secretdeparis.com\/blog\/week-end-a-paris\/journees-du-patrimoine-a-paris-19-20-sept\/#article","isPartOf":{"@id":"https:\/\/www.secretdeparis.com\/blog\/week-end-a-paris\/journees-du-patrimoine-a-paris-19-20-sept\/"},"author":{"name":"Secret de Paris - H\u00f4tel &amp; Spa","@id":"https:\/\/www.secretdeparis.com\/blog\/#\/schema\/person\/985e3aba0b7518e129fd38bd6c35ef31"},"headline":"Journ\u00e9es du Patrimoine \u00e0 Paris : 19 &#038; 20 Sept.","datePublished":"2015-09-14T10:41:51+00:00","dateModified":"2025-04-16T17:12:20+00:00","mainEntityOfPage":{"@id":"https:\/\/www.secretdeparis.com\/blog\/week-end-a-paris\/journees-du-patrimoine-a-paris-19-20-sept\/"},"wordCount":799,"image":{"@id":"https:\/\/www.secretdeparis.com\/blog\/week-end-a-paris\/journees-du-patrimoine-a-paris-19-20-sept\/#primaryimage"},"thumbnailUrl":"https:\/\/www.secretdeparis.com\/blog\/wp-content\/uploads\/2015\/08\/musee-vie-romantique.jpg","articleSection":["Week-end \u00e0 Paris"],"inLanguage":"fr-FR"},{"@type":"WebPage","@id":"https:\/\/www.secretdeparis.com\/blog\/week-end-a-paris\/journees-du-patrimoine-a-paris-19-20-sept\/","url":"https:\/\/www.secretdeparis.com\/blog\/week-end-a-paris\/journees-du-patrimoine-a-paris-19-20-sept\/","name":"Journ\u00e9es du Patrimoine \u00e0 Paris : 19 & 20 Sept. - Week-end Paris","isPartOf":{"@id":"https:\/\/www.secretdeparis.com\/blog\/#website"},"primaryImageOfPage":{"@id":"https:\/\/www.secretdeparis.com\/blog\/week-end-a-paris\/journees-du-patrimoine-a-paris-19-20-sept\/#primaryimage"},"image":{"@id":"https:\/\/www.secretdeparis.com\/blog\/week-end-a-paris\/journees-du-patrimoine-a-paris-19-20-sept\/#primaryimage"},"thumbnailUrl":"https:\/\/www.secretdeparis.com\/blog\/wp-content\/uploads\/2015\/08\/musee-vie-romantique.jpg","datePublished":"2015-09-14T10:41:51+00:00","dateModified":"2025-04-16T17:12:20+00:00","author":{"@id":"https:\/\/www.secretdeparis.com\/blog\/#\/schema\/person\/985e3aba0b7518e129fd38bd6c35ef31"},"inLanguage":"fr-FR","potentialAction":[{"@type":"ReadAction","target":["https:\/\/www.secretdeparis.com\/blog\/week-end-a-paris\/journees-du-patrimoine-a-paris-19-20-sept\/"]}]},{"@type":"ImageObject","inLanguage":"fr-FR","@id":"https:\/\/www.secretdeparis.com\/blog\/week-end-a-paris\/journees-du-patrimoine-a-paris-19-20-sept\/#primaryimage","url":"https:\/\/www.secretdeparis.com\/blog\/wp-content\/uploads\/2015\/08\/musee-vie-romantique.jpg","contentUrl":"https:\/\/www.secretdeparis.com\/blog\/wp-content\/uploads\/2015\/08\/musee-vie-romantique.jpg","width":700,"height":320},{"@type":"WebSite","@id":"https:\/\/www.secretdeparis.com\/blog\/#website","url":"https:\/\/www.secretdeparis.com\/blog\/","name":"Blog Secret de Paris - Hotel &amp; Spa Paris","description":"Secret de Paris Hotel &amp; Spa : Le Blog","potentialAction":[{"@type":"SearchAction","target":{"@type":"EntryPoint","urlTemplate":"https:\/\/www.secretdeparis.com\/blog\/?s={search_term_string}"},"query-input":{"@type":"PropertyValueSpecification","valueRequired":true,"valueName":"search_term_string"}}],"inLanguage":"fr-FR"},{"@type":"Person","@id":"https:\/\/www.secretdeparis.com\/blog\/#\/schema\/person\/985e3aba0b7518e129fd38bd6c35ef31","name":"Secret de Paris - H\u00f4tel &amp; Spa","image":{"@type":"ImageObject","inLanguage":"fr-FR","@id":"https:\/\/secure.gravatar.com\/avatar\/ce6d03bfa6476ec3c26f7f7fc9884a94145cc334e295b932bd9f2e8e902c17c9?s=96&d=http%3A%2F%2Fwww.hotel-design-secret-de-paris.com%2Fblog%2F%2Fwp-content%2Fthemes%2Fsimplemag%2Fimages%2Fgravatar-perso.png&r=g","url":"https:\/\/secure.gravatar.com\/avatar\/ce6d03bfa6476ec3c26f7f7fc9884a94145cc334e295b932bd9f2e8e902c17c9?s=96&d=http%3A%2F%2Fwww.hotel-design-secret-de-paris.com%2Fblog%2F%2Fwp-content%2Fthemes%2Fsimplemag%2Fimages%2Fgravatar-perso.png&r=g","contentUrl":"https:\/\/secure.gravatar.com\/avatar\/ce6d03bfa6476ec3c26f7f7fc9884a94145cc334e295b932bd9f2e8e902c17c9?s=96&d=http%3A%2F%2Fwww.hotel-design-secret-de-paris.com%2Fblog%2F%2Fwp-content%2Fthemes%2Fsimplemag%2Fimages%2Fgravatar-perso.png&r=g","caption":"Secret de Paris - H\u00f4tel &amp; Spa"},"description":"Le Secret de Paris H\u00f4tel &amp; Spa est un h\u00f4tel de charme de 29 chambres, toutes d\u00e9cor\u00e9es sur l'un des 6 th\u00e8mes suivant: Mus\u00e9e d\u2019Orsay, Moulin Rouge, Tour Eiffel, Op\u00e9ra Garnier, Trocad\u00e9ro et Atelier d\u2019Artiste."}]}},"_links":{"self":[{"href":"https:\/\/www.secretdeparis.com\/blog\/wp-json\/wp\/v2\/posts\/1420","targetHints":{"allow":["GET"]}}],"collection":[{"href":"https:\/\/www.secretdeparis.com\/blog\/wp-json\/wp\/v2\/posts"}],"about":[{"href":"https:\/\/www.secretdeparis.com\/blog\/wp-json\/wp\/v2\/types\/post"}],"author":[{"embeddable":true,"href":"https:\/\/www.secretdeparis.com\/blog\/wp-json\/wp\/v2\/users\/4"}],"replies":[{"embeddable":true,"href":"https:\/\/www.secretdeparis.com\/blog\/wp-json\/wp\/v2\/comments?post=1420"}],"version-history":[{"count":6,"href":"https:\/\/www.secretdeparis.com\/blog\/wp-json\/wp\/v2\/posts\/1420\/revisions"}],"predecessor-version":[{"id":1463,"href":"https:\/\/www.secretdeparis.com\/blog\/wp-json\/wp\/v2\/posts\/1420\/revisions\/1463"}],"wp:attachment":[{"href":"https:\/\/www.secretdeparis.com\/blog\/wp-json\/wp\/v2\/media?parent=1420"}],"wp:term":[{"taxonomy":"category","embeddable":true,"href":"https:\/\/www.secretdeparis.com\/blog\/wp-json\/wp\/v2\/categories?post=1420"},{"taxonomy":"post_tag","embeddable":true,"href":"https:\/\/www.secretdeparis.com\/blog\/wp-json\/wp\/v2\/tags?post=1420"}],"curies":[{"name":"wp","href":"https:\/\/api.w.org\/{rel}","templated":true}]}}