{"id":492,"date":"2025-04-16T18:22:38","date_gmt":"2025-04-16T17:22:38","guid":{"rendered":"https:\/\/www.secretdeparis.com\/blog\/?p=492"},"modified":"2025-12-05T16:04:11","modified_gmt":"2025-12-05T15:04:11","slug":"hotel-invalides","status":"publish","type":"post","link":"https:\/\/www.secretdeparis.com\/blog\/visiter-paris\/7e-arrondissement\/hotel-invalides\/","title":{"rendered":"H\u00f4tel des Invalides : Histoire, Architecture et Visites Incontournables"},"content":{"rendered":"<h2><a href=\"https:\/\/www.secretdeparis.com\/blog\/wp-content\/uploads\/2025\/04\/les-invalides-6516360_1280.jpg\"><img loading=\"lazy\" decoding=\"async\" class=\"alignnone wp-image-4052 size-full\" src=\"https:\/\/www.secretdeparis.com\/blog\/wp-content\/uploads\/2025\/04\/les-invalides-6516360_1280.jpg\" alt=\"\" width=\"851\" height=\"1280\" srcset=\"https:\/\/www.secretdeparis.com\/blog\/wp-content\/uploads\/2025\/04\/les-invalides-6516360_1280.jpg 851w, https:\/\/www.secretdeparis.com\/blog\/wp-content\/uploads\/2025\/04\/les-invalides-6516360_1280-199x300.jpg 199w, https:\/\/www.secretdeparis.com\/blog\/wp-content\/uploads\/2025\/04\/les-invalides-6516360_1280-681x1024.jpg 681w, https:\/\/www.secretdeparis.com\/blog\/wp-content\/uploads\/2025\/04\/les-invalides-6516360_1280-768x1155.jpg 768w, https:\/\/www.secretdeparis.com\/blog\/wp-content\/uploads\/2025\/04\/les-invalides-6516360_1280-370x557.jpg 370w, https:\/\/www.secretdeparis.com\/blog\/wp-content\/uploads\/2025\/04\/les-invalides-6516360_1280-570x857.jpg 570w, https:\/\/www.secretdeparis.com\/blog\/wp-content\/uploads\/2025\/04\/les-invalides-6516360_1280-770x1158.jpg 770w, https:\/\/www.secretdeparis.com\/blog\/wp-content\/uploads\/2025\/04\/les-invalides-6516360_1280-386x580.jpg 386w\" sizes=\"auto, (max-width: 851px) 100vw, 851px\" \/><\/a><\/h2>\n<h2>Qu&#8217;est-ce que les Invalides ?<\/h2>\n<p>Les Invalides, situ\u00e9s au c\u0153ur de <a href=\"https:\/\/www.secretdeparis.com\/blog\/bien-etre-a-paris\/les-meilleurs-spas-parisiens-a-faire-en-amoureux\/\">Paris<\/a>, constituent un ensemble architectural monumental qui attire chaque ann\u00e9e des milliers de visiteurs. Con\u00e7u initialement pour accueillir les v\u00e9t\u00e9rans de guerre, cet \u00e9difice est devenu un symbole de l&#8217;histoire militaire fran\u00e7aise. Aujourd&#8217;hui, il abrite non seulement des mus\u00e9es mais aussi des lieux de recueillement, tels que le tombeau de Napol\u00e9on.<\/p>\n<p>Le site est reconnu pour sa vaste esplanade et son d\u00f4me dor\u00e9 qui scintille sous le soleil parisien. L&#8217;endroit, charg\u00e9 de symbolisme, offre une plong\u00e9e unique dans le pass\u00e9 glorieux de la France. Les Invalides ne sont pas seulement un lieu de m\u00e9moire, mais aussi un espace vivant qui continue de jouer un r\u00f4le important dans la culture et l&#8217;histoire nationales.<\/p>\n<p>En visitant les Invalides, on d\u00e9couvre une facette diff\u00e9rente de Paris, loin des clich\u00e9s touristiques habituels. C&#8217;est une invitation \u00e0 explorer un patrimoine riche, \u00e0 la fois culturel et historique, qui t\u00e9moigne du pass\u00e9 militaire du pays et de son \u00e9volution \u00e0 travers les si\u00e8cles.<\/p>\n<h2>Histoire des Invalides : De la fondation \u00e0 nos jours<\/h2>\n<p>Les Invalides ont \u00e9t\u00e9 fond\u00e9s par Louis XIV en 1670 dans le but de fournir un abri aux soldats invalides et retrait\u00e9s de son arm\u00e9e. Cette initiative r\u00e9pondait \u00e0 une n\u00e9cessit\u00e9 de l&#8217;\u00e9poque : offrir dignit\u00e9 et soins aux v\u00e9t\u00e9rans ayant servi leur pays. Le projet architectural a \u00e9t\u00e9 confi\u00e9 \u00e0 l&#8217;architecte Lib\u00e9ral Bruant, puis repris par Jules Hardouin-Mansart, qui a donn\u00e9 au site son allure baroque.<\/p>\n<p>Au fil des ann\u00e9es, les Invalides ont \u00e9volu\u00e9 pour devenir un lieu de m\u00e9moire nationale. La R\u00e9volution fran\u00e7aise a marqu\u00e9 une p\u00e9riode de transformation pour le site, qui a vu ses fonctions s&#8217;\u00e9largir et son importance se renforcer. Au XIXe si\u00e8cle, sous le r\u00e8gne de Napol\u00e9on Bonaparte, les Invalides ont acquis une dimension symbolique suppl\u00e9mentaire avec l&#8217;installation du tombeau de l&#8217;Empereur.<\/p>\n<p>Aujourd&#8217;hui, les Invalides continuent de jouer un r\u00f4le central dans la comm\u00e9moration de l&#8217;histoire militaire fran\u00e7aise. Ils accueillent plusieurs mus\u00e9es et expositions temporaires qui permettent de mieux comprendre l&#8217;\u00e9volution de l&#8217;art de la guerre et de l&#8217;histoire de la France.<\/p>\n<p><iframe loading=\"lazy\" title=\"Vid\u00e9o officielle de l&#039;H\u00f4tel national des Invalides : &quot;Les Invalides, 350 ans d&#039;Histoire&quot;\" width=\"770\" height=\"433\" src=\"https:\/\/www.youtube.com\/embed\/omXjNHHBoJY?feature=oembed\" frameborder=\"0\" allow=\"accelerometer; autoplay; clipboard-write; encrypted-media; gyroscope; picture-in-picture; web-share\" referrerpolicy=\"strict-origin-when-cross-origin\" allowfullscreen><\/iframe><\/p>\n<h2>Architecture des Invalides : Un chef-d&#8217;\u0153uvre baroque<\/h2>\n<p>L&#8217;architecture des Invalides est un exemple embl\u00e9matique du style baroque fran\u00e7ais. Le d\u00f4me, con\u00e7u par Jules Hardouin-Mansart, est sans doute l&#8217;\u00e9l\u00e9ment le plus reconnaissable de l&#8217;\u00e9difice. Avec ses 107 m\u00e8tres de hauteur, il surplombe la skyline parisienne et est visible de loin, symbolisant la grandeur et la majest\u00e9 de l&#8217;\u00e9poque de Louis XIV.<\/p>\n<p>Le complexe des Invalides est compos\u00e9 de plusieurs b\u00e2timents organis\u00e9s autour d&#8217;une cour centrale, la cour d&#8217;honneur, qui servait autrefois de lieu de parade militaire. Cette disposition refl\u00e8te la rigueur et la discipline militaires, tout en offrant un cadre majestueux et harmonieux. Les fa\u00e7ades, richement d\u00e9cor\u00e9es, t\u00e9moignent de l&#8217;attention port\u00e9e aux d\u00e9tails architecturaux et de l&#8217;influence de l&#8217;art classique.<\/p>\n<p>\u00c0 l&#8217;int\u00e9rieur, la chapelle royale, \u00e9galement connue sous le nom d&#8217;\u00e9glise du D\u00f4me, s\u00e9duit par son opulence et sa d\u00e9coration soign\u00e9e. Les fresques et sculptures qui ornent les murs et les plafonds racontent l&#8217;histoire glorieuse de la France, rendant hommage \u00e0 ceux qui ont marqu\u00e9 son histoire. Visiter ce lieu, c&#8217;est plonger dans un univers de beaut\u00e9 et de magnificence.<\/p>\n<h2>Les diff\u00e9rentes parties des Invalides : Mus\u00e9es et monuments<\/h2>\n<p>Les Invalides ne se r\u00e9sument pas \u00e0 une seule fonction. Ils abritent plusieurs mus\u00e9es et monuments qui m\u00e9ritent chacun une visite approfondie. Parmi eux, le Mus\u00e9e de l&#8217;Arm\u00e9e, le Mus\u00e9e des Plans-Reliefs, et le Mus\u00e9e de l&#8217;Ordre de la Lib\u00e9ration. Chaque mus\u00e9e offre une perspective unique sur l&#8217;histoire militaire et les conflits qui ont fa\u00e7onn\u00e9 la France.<\/p>\n<p>Le Mus\u00e9e de l&#8217;Arm\u00e9e est l&#8217;un des plus grands mus\u00e9es d&#8217;histoire militaire au monde. Il pr\u00e9sente une collection impressionnante d&#8217;armes, d&#8217;armures et d&#8217;objets d&#8217;art, retra\u00e7ant l&#8217;\u00e9volution de la guerre \u00e0 travers les \u00e2ges. Les expositions sont bien organis\u00e9es et permettent une compr\u00e9hension claire des diff\u00e9rents aspects de l&#8217;histoire militaire.<\/p>\n<p>En plus des mus\u00e9es, les Invalides comprennent plusieurs monuments embl\u00e9matiques, tels que la tombe de Napol\u00e9on. Ce dernier repose dans une crypte situ\u00e9e sous le d\u00f4me, dans un sarcophage monumental en quartzite rouge. Ce lieu de recueillement est une attraction majeure pour les visiteurs, tant pour sa beaut\u00e9 que pour son importance historique.<\/p>\n<h2>Le Mus\u00e9e de l&#8217;Arm\u00e9e : Un tr\u00e9sor historique<\/h2>\n<p>Le Mus\u00e9e de l&#8217;Arm\u00e9e, situ\u00e9 au sein des Invalides, est une v\u00e9ritable mine d&#8217;or pour les passionn\u00e9s d&#8217;histoire. Avec plus de 500 000 objets, il offre un panorama complet de l&#8217;histoire militaire fran\u00e7aise, de l&#8217;Antiquit\u00e9 \u00e0 nos jours. Les collections sont organis\u00e9es de mani\u00e8re chronologique et th\u00e9matique, facilitant ainsi la visite.<\/p>\n<p>Les salles consacr\u00e9es aux deux guerres mondiales sont particuli\u00e8rement impressionnantes. Elles offrent une immersion totale dans les conflits qui ont marqu\u00e9 le XXe si\u00e8cle, gr\u00e2ce \u00e0 des expositions interactives et des t\u00e9moignages \u00e9mouvants. Les visiteurs peuvent ainsi mieux comprendre les enjeux et les cons\u00e9quences de ces guerres sur la soci\u00e9t\u00e9 fran\u00e7aise.<\/p>\n<p>En outre, le mus\u00e9e propose r\u00e9guli\u00e8rement des expositions temporaires qui explorent des aspects sp\u00e9cifiques de l&#8217;histoire militaire. Ces expositions, souvent th\u00e9matiques, permettent de d\u00e9couvrir des objets rares et des r\u00e9cits m\u00e9connus, enrichissant ainsi la visite et offrant une perspective nouvelle sur l&#8217;histoire.<\/p>\n<h2>La tombe de Napol\u00e9on : Un lieu embl\u00e9matique<\/h2>\n<p>La tombe de Napol\u00e9on aux Invalides est l&#8217;un des sites les plus visit\u00e9s de Paris. Situ\u00e9e sous le d\u00f4me dor\u00e9, elle attire par sa grandeur et son symbolisme. Le tombeau, con\u00e7u par l&#8217;architecte Louis Visconti, est une \u0153uvre d&#8217;art en lui-m\u00eame. Le sarcophage en quartzite rouge repose sur un socle de granit vert, entour\u00e9 de douze figures en marbre repr\u00e9sentant les victoires militaires de Napol\u00e9on.<\/p>\n<p>La visite de ce lieu impressionne par l&#8217;atmosph\u00e8re solennelle qui y r\u00e8gne. Chaque d\u00e9tail du tombeau rappelle la grandeur de l&#8217;Empire et de son Empereur. Les inscriptions et les sculptures qui l&#8217;entourent racontent l&#8217;histoire complexe de Napol\u00e9on, de ses conqu\u00eates \u00e0 son exil.<\/p>\n<p>Ce lieu de recueillement est un hommage \u00e0 l&#8217;une des figures les plus embl\u00e9matiques de l&#8217;histoire de France. Il permet de comprendre l&#8217;impact de Napol\u00e9on sur la France et l&#8217;Europe, et de r\u00e9fl\u00e9chir sur l&#8217;h\u00e9ritage qu&#8217;il a laiss\u00e9. Pour quiconque s&#8217;int\u00e9resse \u00e0 l&#8217;histoire, la visite de la tombe de Napol\u00e9on est une exp\u00e9rience incontournable.<\/p>\n<h2>Visites incontournables des Invalides<\/h2>\n<p>Visiter les Invalides, c&#8217;est s&#8217;immerger dans l&#8217;histoire militaire et architecturale de la France. Parmi les visites incontournables, la cour d&#8217;honneur est un excellent point de d\u00e9part. Elle offre un premier aper\u00e7u de la grandeur du site et permet d&#8217;admirer les fa\u00e7ades majestueuses des b\u00e2timents qui l&#8217;entourent.<\/p>\n<p>Ensuite, la visite du Mus\u00e9e de l&#8217;Arm\u00e9e est essentielle pour quiconque souhaite comprendre l&#8217;\u00e9volution de l&#8217;art de la guerre. Les collections permanentes et temporaires offrent une vision compl\u00e8te et passionnante des conflits qui ont fa\u00e7onn\u00e9 l&#8217;histoire de France et du monde.<\/p>\n<p>Enfin, la visite ne serait pas compl\u00e8te sans un passage par la tombe de Napol\u00e9on. Ce lieu embl\u00e9matique, charg\u00e9 d&#8217;histoire, offre une perspective unique sur la vie et l&#8217;h\u00e9ritage de l&#8217;Empereur. Chaque \u00e9l\u00e9ment de ce site contribue \u00e0 faire des Invalides un lieu unique, \u00e0 la fois \u00e9ducatif et \u00e9mouvant.<\/p>\n<h2>Conseils pratiques pour visiter les Invalides<\/h2>\n<p>Pour tirer le meilleur parti de votre visite aux Invalides, il est conseill\u00e9 de planifier votre journ\u00e9e \u00e0 l&#8217;avance. Les Invalides s&#8217;\u00e9tendent sur un vaste espace, et il peut \u00eatre utile de se munir d&#8217;un plan pour ne rien manquer. Le site est accessible par les transports en commun, notamment par le m\u00e9tro et le bus. Il est \u00e9galement possible de s&#8217;y rendre \u00e0 pied depuis certains quartiers de Paris.<\/p>\n<p>Il est recommand\u00e9 de pr\u00e9voir plusieurs heures pour explorer les diff\u00e9rents mus\u00e9es et monuments. Pour \u00e9viter les foules, il est pr\u00e9f\u00e9rable de visiter en semaine et d&#8217;arriver t\u00f4t le matin. Les billets peuvent \u00eatre achet\u00e9s en ligne, ce qui permet de gagner du temps \u00e0 l&#8217;entr\u00e9e.<\/p>\n<p>N&#8217;oubliez pas de v\u00e9rifier les horaires d&#8217;ouverture et les \u00e9ventuelles fermetures exceptionnelles. Les Invalides proposent \u00e9galement des visites guid\u00e9es qui peuvent enrichir votre exp\u00e9rience en vous offrant des anecdotes et des d\u00e9tails suppl\u00e9mentaires sur l&#8217;histoire du site.<\/p>\n<p><a href=\"https:\/\/www.secretdeparis.com\/blog\/wp-content\/uploads\/2025\/04\/invalidendom-8596490_1280.jpg\"><img loading=\"lazy\" decoding=\"async\" class=\"alignnone wp-image-4054 size-large\" src=\"https:\/\/www.secretdeparis.com\/blog\/wp-content\/uploads\/2025\/04\/invalidendom-8596490_1280-1024x576.jpg\" alt=\"\" width=\"770\" height=\"433\" srcset=\"https:\/\/www.secretdeparis.com\/blog\/wp-content\/uploads\/2025\/04\/invalidendom-8596490_1280-1024x576.jpg 1024w, https:\/\/www.secretdeparis.com\/blog\/wp-content\/uploads\/2025\/04\/invalidendom-8596490_1280-300x169.jpg 300w, https:\/\/www.secretdeparis.com\/blog\/wp-content\/uploads\/2025\/04\/invalidendom-8596490_1280-768x432.jpg 768w, https:\/\/www.secretdeparis.com\/blog\/wp-content\/uploads\/2025\/04\/invalidendom-8596490_1280-370x208.jpg 370w, https:\/\/www.secretdeparis.com\/blog\/wp-content\/uploads\/2025\/04\/invalidendom-8596490_1280-570x321.jpg 570w, https:\/\/www.secretdeparis.com\/blog\/wp-content\/uploads\/2025\/04\/invalidendom-8596490_1280-770x433.jpg 770w, https:\/\/www.secretdeparis.com\/blog\/wp-content\/uploads\/2025\/04\/invalidendom-8596490_1280-1170x658.jpg 1170w, https:\/\/www.secretdeparis.com\/blog\/wp-content\/uploads\/2025\/04\/invalidendom-8596490_1280-1031x580.jpg 1031w, https:\/\/www.secretdeparis.com\/blog\/wp-content\/uploads\/2025\/04\/invalidendom-8596490_1280.jpg 1280w\" sizes=\"auto, (max-width: 770px) 100vw, 770px\" \/><\/a><\/p>\n<h2>\u00c9v\u00e9nements et expositions aux Invalides<\/h2>\n<p>Les Invalides ne se contentent pas d&#8217;\u00eatre un lieu de m\u00e9moire ; ils sont \u00e9galement un espace dynamique qui accueille de nombreux \u00e9v\u00e9nements tout au long de l&#8217;ann\u00e9e. Des expositions temporaires, des concerts et des c\u00e9r\u00e9monies officielles sont r\u00e9guli\u00e8rement organis\u00e9s, offrant aux visiteurs une exp\u00e9rience renouvel\u00e9e \u00e0 chaque visite.<\/p>\n<p>Les expositions temporaires, souvent en lien avec l&#8217;histoire militaire, explorent des th\u00e8mes vari\u00e9s et permettent de d\u00e9couvrir des objets et des r\u00e9cits in\u00e9dits. Ces \u00e9v\u00e9nements sont l&#8217;occasion parfaite pour les passionn\u00e9s d&#8217;histoire d&#8217;approfondir leurs connaissances sur des sujets sp\u00e9cifiques.<\/p>\n<p>De plus, les Invalides organisent des concerts de musique classique, souvent dans l&#8217;\u00e9glise du D\u00f4me, qui b\u00e9n\u00e9ficient d&#8217;une acoustique exceptionnelle. Ces \u00e9v\u00e9nements culturels enrichissent l&#8217;exp\u00e9rience des visiteurs et ajoutent une dimension artistique \u00e0 la visite de ce lieu historique.<\/p>\n<h2>Conclusion : L&#8217;importance des Invalides dans le patrimoine fran\u00e7ais<\/h2>\n<p>Les Invalides occupent une place centrale dans le patrimoine fran\u00e7ais. Ce site majestueux incarne \u00e0 la fois la grandeur pass\u00e9e de la France et son engagement envers ses anciens combattants. En visitant les Invalides, on d\u00e9couvre un pan essentiel de l&#8217;histoire militaire et architecturale du pays, tout en rendant hommage \u00e0 ceux qui ont marqu\u00e9 son \u00e9volution.<\/p>\n<p>Les Invalides sont bien plus qu&#8217;un simple monument ; ils sont un t\u00e9moignage vivant de l&#8217;histoire fran\u00e7aise. Leur richesse architecturale, leurs mus\u00e9es et leurs expositions offrent une exp\u00e9rience unique et enrichissante. En explorant ce site, on comprend mieux l&#8217;importance de pr\u00e9server notre patrimoine pour les g\u00e9n\u00e9rations futures.<\/p>\n<p>Je vous invite \u00e0 d\u00e9couvrir ce lieu exceptionnel lors de votre prochain s\u00e9jour \u00e0 Paris. Plongez dans l&#8217;histoire fascinante des Invalides et laissez-vous \u00e9merveiller par la beaut\u00e9 et la grandeur de ce site embl\u00e9matique. N&#8217;h\u00e9sitez pas \u00e0 partager votre exp\u00e9rience et \u00e0 revenir pour explorer les nombreuses facettes de ce patrimoine incontournable.<\/p>\n<p>&nbsp;<\/p>\n<p>Pour aller plus loin :<\/p>\n<ul>\n<li><a href=\"https:\/\/www.musee-armee.fr\/votre-visite\/les-espaces-du-musee\/lhotel-national-des-invalides.html\" target=\"_blank\" rel=\"noopener\">https:\/\/www.musee-armee.fr\/votre-visite\/les-espaces-du-musee\/lhotel-national-des-invalides.html<\/a><\/li>\n<li><a href=\"https:\/\/www.visitparisregion.com\/fr\/musee-de-l-armee-hotel-des-invalides\" target=\"_blank\" rel=\"noopener\">https:\/\/www.visitparisregion.com\/fr\/musee-de-l-armee-hotel-des-invalides<\/a><\/li>\n<li><a href=\"https:\/\/www.etsionvisitaitparis.com\/les-invalides\" target=\"_blank\" rel=\"noopener\">https:\/\/www.etsionvisitaitparis.com\/les-invalides<\/a><\/li>\n<\/ul>\n","protected":false},"excerpt":{"rendered":"<p>Qu&#8217;est-ce que les Invalides ? Les Invalides, situ\u00e9s au c\u0153ur de Paris, constituent un ensemble architectural monumental qui attire chaque ann\u00e9e des milliers de&#8230;<\/p>\n","protected":false},"author":4,"featured_media":0,"comment_status":"closed","ping_status":"closed","sticky":false,"template":"","format":"standard","meta":{"footnotes":""},"categories":[46],"tags":[],"class_list":["post-492","post","type-post","status-publish","format-standard","hentry","category-7e-arrondissement","post-item","post-even"],"yoast_head":"<!-- This site is optimized with the Yoast SEO plugin v27.5 - https:\/\/yoast.com\/product\/yoast-seo-wordpress\/ -->\n<title>H\u00f4tel des Invalides - Visiter Paris avec Hotel Design Secret de Paris<\/title>\n<meta name=\"description\" content=\"L\u2019H\u00f4tel des Invalides \u00e0 Paris : symbole d\u2019histoire, d\u2019architecture et de m\u00e9moire \u2014 tr\u00e9sor national \u00e0 d\u00e9couvrir au c\u0153ur de la capitale.\" \/>\n<meta name=\"robots\" content=\"index, follow, max-snippet:-1, max-image-preview:large, max-video-preview:-1\" \/>\n<link rel=\"canonical\" href=\"https:\/\/www.secretdeparis.com\/blog\/visiter-paris\/7e-arrondissement\/hotel-invalides\/\" \/>\n<meta property=\"og:locale\" content=\"fr_FR\" \/>\n<meta property=\"og:type\" content=\"article\" \/>\n<meta property=\"og:title\" content=\"H\u00f4tel des Invalides - Visiter Paris avec Hotel Design Secret de Paris\" \/>\n<meta property=\"og:description\" content=\"L\u2019H\u00f4tel des Invalides \u00e0 Paris : symbole d\u2019histoire, d\u2019architecture et de m\u00e9moire \u2014 tr\u00e9sor national \u00e0 d\u00e9couvrir au c\u0153ur de la capitale.\" \/>\n<meta property=\"og:url\" content=\"https:\/\/www.secretdeparis.com\/blog\/visiter-paris\/7e-arrondissement\/hotel-invalides\/\" \/>\n<meta property=\"og:site_name\" content=\"Blog Secret de Paris - Hotel &amp; Spa Paris\" \/>\n<meta property=\"article:publisher\" content=\"https:\/\/fr-fr.facebook.com\/HotelSecretdeParis\" \/>\n<meta property=\"article:published_time\" content=\"2025-04-16T17:22:38+00:00\" \/>\n<meta property=\"article:modified_time\" content=\"2025-12-05T15:04:11+00:00\" \/>\n<meta property=\"og:image\" content=\"https:\/\/www.secretdeparis.com\/blog\/wp-content\/uploads\/2025\/04\/les-invalides-6516360_1280.jpg\" \/>\n\t<meta property=\"og:image:width\" content=\"851\" \/>\n\t<meta property=\"og:image:height\" content=\"1280\" \/>\n\t<meta property=\"og:image:type\" content=\"image\/jpeg\" \/>\n<meta name=\"author\" content=\"Secret de Paris - H\u00f4tel &amp; Spa\" \/>\n<meta name=\"twitter:label1\" content=\"\u00c9crit par\" \/>\n\t<meta name=\"twitter:data1\" content=\"Secret de Paris - H\u00f4tel &amp; Spa\" \/>\n\t<meta name=\"twitter:label2\" content=\"Dur\u00e9e de lecture estim\u00e9e\" \/>\n\t<meta name=\"twitter:data2\" content=\"9 minutes\" \/>\n<script type=\"application\/ld+json\" class=\"yoast-schema-graph\">{\"@context\":\"https:\\\/\\\/schema.org\",\"@graph\":[{\"@type\":\"Article\",\"@id\":\"https:\\\/\\\/www.secretdeparis.com\\\/blog\\\/visiter-paris\\\/7e-arrondissement\\\/hotel-invalides\\\/#article\",\"isPartOf\":{\"@id\":\"https:\\\/\\\/www.secretdeparis.com\\\/blog\\\/visiter-paris\\\/7e-arrondissement\\\/hotel-invalides\\\/\"},\"author\":{\"name\":\"Secret de Paris - H\u00f4tel &amp; Spa\",\"@id\":\"https:\\\/\\\/www.secretdeparis.com\\\/blog\\\/#\\\/schema\\\/person\\\/985e3aba0b7518e129fd38bd6c35ef31\"},\"headline\":\"H\u00f4tel des Invalides : Histoire, Architecture et Visites Incontournables\",\"datePublished\":\"2025-04-16T17:22:38+00:00\",\"dateModified\":\"2025-12-05T15:04:11+00:00\",\"mainEntityOfPage\":{\"@id\":\"https:\\\/\\\/www.secretdeparis.com\\\/blog\\\/visiter-paris\\\/7e-arrondissement\\\/hotel-invalides\\\/\"},\"wordCount\":1915,\"image\":{\"@id\":\"https:\\\/\\\/www.secretdeparis.com\\\/blog\\\/visiter-paris\\\/7e-arrondissement\\\/hotel-invalides\\\/#primaryimage\"},\"thumbnailUrl\":\"https:\\\/\\\/www.secretdeparis.com\\\/blog\\\/wp-content\\\/uploads\\\/2025\\\/04\\\/les-invalides-6516360_1280.jpg\",\"articleSection\":[\"7e arrondissement\"],\"inLanguage\":\"fr-FR\"},{\"@type\":\"WebPage\",\"@id\":\"https:\\\/\\\/www.secretdeparis.com\\\/blog\\\/visiter-paris\\\/7e-arrondissement\\\/hotel-invalides\\\/\",\"url\":\"https:\\\/\\\/www.secretdeparis.com\\\/blog\\\/visiter-paris\\\/7e-arrondissement\\\/hotel-invalides\\\/\",\"name\":\"H\u00f4tel des Invalides - Visiter Paris avec Hotel Design Secret de Paris\",\"isPartOf\":{\"@id\":\"https:\\\/\\\/www.secretdeparis.com\\\/blog\\\/#website\"},\"primaryImageOfPage\":{\"@id\":\"https:\\\/\\\/www.secretdeparis.com\\\/blog\\\/visiter-paris\\\/7e-arrondissement\\\/hotel-invalides\\\/#primaryimage\"},\"image\":{\"@id\":\"https:\\\/\\\/www.secretdeparis.com\\\/blog\\\/visiter-paris\\\/7e-arrondissement\\\/hotel-invalides\\\/#primaryimage\"},\"thumbnailUrl\":\"https:\\\/\\\/www.secretdeparis.com\\\/blog\\\/wp-content\\\/uploads\\\/2025\\\/04\\\/les-invalides-6516360_1280.jpg\",\"datePublished\":\"2025-04-16T17:22:38+00:00\",\"dateModified\":\"2025-12-05T15:04:11+00:00\",\"author\":{\"@id\":\"https:\\\/\\\/www.secretdeparis.com\\\/blog\\\/#\\\/schema\\\/person\\\/985e3aba0b7518e129fd38bd6c35ef31\"},\"description\":\"L\u2019H\u00f4tel des Invalides \u00e0 Paris : symbole d\u2019histoire, d\u2019architecture et de m\u00e9moire \u2014 tr\u00e9sor national \u00e0 d\u00e9couvrir au c\u0153ur de la capitale.\",\"inLanguage\":\"fr-FR\",\"potentialAction\":[{\"@type\":\"ReadAction\",\"target\":[\"https:\\\/\\\/www.secretdeparis.com\\\/blog\\\/visiter-paris\\\/7e-arrondissement\\\/hotel-invalides\\\/\"]}]},{\"@type\":\"ImageObject\",\"inLanguage\":\"fr-FR\",\"@id\":\"https:\\\/\\\/www.secretdeparis.com\\\/blog\\\/visiter-paris\\\/7e-arrondissement\\\/hotel-invalides\\\/#primaryimage\",\"url\":\"https:\\\/\\\/www.secretdeparis.com\\\/blog\\\/wp-content\\\/uploads\\\/2025\\\/04\\\/les-invalides-6516360_1280.jpg\",\"contentUrl\":\"https:\\\/\\\/www.secretdeparis.com\\\/blog\\\/wp-content\\\/uploads\\\/2025\\\/04\\\/les-invalides-6516360_1280.jpg\"},{\"@type\":\"WebSite\",\"@id\":\"https:\\\/\\\/www.secretdeparis.com\\\/blog\\\/#website\",\"url\":\"https:\\\/\\\/www.secretdeparis.com\\\/blog\\\/\",\"name\":\"Blog Secret de Paris - Hotel &amp; Spa Paris\",\"description\":\"Secret de Paris Hotel &amp; Spa : Le Blog\",\"potentialAction\":[{\"@type\":\"SearchAction\",\"target\":{\"@type\":\"EntryPoint\",\"urlTemplate\":\"https:\\\/\\\/www.secretdeparis.com\\\/blog\\\/?s={search_term_string}\"},\"query-input\":{\"@type\":\"PropertyValueSpecification\",\"valueRequired\":true,\"valueName\":\"search_term_string\"}}],\"inLanguage\":\"fr-FR\"},{\"@type\":\"Person\",\"@id\":\"https:\\\/\\\/www.secretdeparis.com\\\/blog\\\/#\\\/schema\\\/person\\\/985e3aba0b7518e129fd38bd6c35ef31\",\"name\":\"Secret de Paris - H\u00f4tel &amp; Spa\",\"image\":{\"@type\":\"ImageObject\",\"inLanguage\":\"fr-FR\",\"@id\":\"https:\\\/\\\/secure.gravatar.com\\\/avatar\\\/ce6d03bfa6476ec3c26f7f7fc9884a94145cc334e295b932bd9f2e8e902c17c9?s=96&d=http%3A%2F%2Fwww.hotel-design-secret-de-paris.com%2Fblog%2F%2Fwp-content%2Fthemes%2Fsimplemag%2Fimages%2Fgravatar-perso.png&r=g\",\"url\":\"https:\\\/\\\/secure.gravatar.com\\\/avatar\\\/ce6d03bfa6476ec3c26f7f7fc9884a94145cc334e295b932bd9f2e8e902c17c9?s=96&d=http%3A%2F%2Fwww.hotel-design-secret-de-paris.com%2Fblog%2F%2Fwp-content%2Fthemes%2Fsimplemag%2Fimages%2Fgravatar-perso.png&r=g\",\"contentUrl\":\"https:\\\/\\\/secure.gravatar.com\\\/avatar\\\/ce6d03bfa6476ec3c26f7f7fc9884a94145cc334e295b932bd9f2e8e902c17c9?s=96&d=http%3A%2F%2Fwww.hotel-design-secret-de-paris.com%2Fblog%2F%2Fwp-content%2Fthemes%2Fsimplemag%2Fimages%2Fgravatar-perso.png&r=g\",\"caption\":\"Secret de Paris - H\u00f4tel &amp; Spa\"},\"description\":\"Le Secret de Paris H\u00f4tel &amp; Spa est un h\u00f4tel de charme de 29 chambres, toutes d\u00e9cor\u00e9es sur l'un des 6 th\u00e8mes suivant: Mus\u00e9e d\u2019Orsay, Moulin Rouge, Tour Eiffel, Op\u00e9ra Garnier, Trocad\u00e9ro et Atelier d\u2019Artiste.\"}]}<\/script>\n<!-- \/ Yoast SEO plugin. -->","yoast_head_json":{"title":"H\u00f4tel des Invalides - Visiter Paris avec Hotel Design Secret de Paris","description":"L\u2019H\u00f4tel des Invalides \u00e0 Paris : symbole d\u2019histoire, d\u2019architecture et de m\u00e9moire \u2014 tr\u00e9sor national \u00e0 d\u00e9couvrir au c\u0153ur de la capitale.","robots":{"index":"index","follow":"follow","max-snippet":"max-snippet:-1","max-image-preview":"max-image-preview:large","max-video-preview":"max-video-preview:-1"},"canonical":"https:\/\/www.secretdeparis.com\/blog\/visiter-paris\/7e-arrondissement\/hotel-invalides\/","og_locale":"fr_FR","og_type":"article","og_title":"H\u00f4tel des Invalides - Visiter Paris avec Hotel Design Secret de Paris","og_description":"L\u2019H\u00f4tel des Invalides \u00e0 Paris : symbole d\u2019histoire, d\u2019architecture et de m\u00e9moire \u2014 tr\u00e9sor national \u00e0 d\u00e9couvrir au c\u0153ur de la capitale.","og_url":"https:\/\/www.secretdeparis.com\/blog\/visiter-paris\/7e-arrondissement\/hotel-invalides\/","og_site_name":"Blog Secret de Paris - Hotel &amp; Spa Paris","article_publisher":"https:\/\/fr-fr.facebook.com\/HotelSecretdeParis","article_published_time":"2025-04-16T17:22:38+00:00","article_modified_time":"2025-12-05T15:04:11+00:00","og_image":[{"width":851,"height":1280,"url":"https:\/\/www.secretdeparis.com\/blog\/wp-content\/uploads\/2025\/04\/les-invalides-6516360_1280.jpg","type":"image\/jpeg"}],"author":"Secret de Paris - H\u00f4tel &amp; Spa","twitter_misc":{"\u00c9crit par":"Secret de Paris - H\u00f4tel &amp; Spa","Dur\u00e9e de lecture estim\u00e9e":"9 minutes"},"schema":{"@context":"https:\/\/schema.org","@graph":[{"@type":"Article","@id":"https:\/\/www.secretdeparis.com\/blog\/visiter-paris\/7e-arrondissement\/hotel-invalides\/#article","isPartOf":{"@id":"https:\/\/www.secretdeparis.com\/blog\/visiter-paris\/7e-arrondissement\/hotel-invalides\/"},"author":{"name":"Secret de Paris - H\u00f4tel &amp; Spa","@id":"https:\/\/www.secretdeparis.com\/blog\/#\/schema\/person\/985e3aba0b7518e129fd38bd6c35ef31"},"headline":"H\u00f4tel des Invalides : Histoire, Architecture et Visites Incontournables","datePublished":"2025-04-16T17:22:38+00:00","dateModified":"2025-12-05T15:04:11+00:00","mainEntityOfPage":{"@id":"https:\/\/www.secretdeparis.com\/blog\/visiter-paris\/7e-arrondissement\/hotel-invalides\/"},"wordCount":1915,"image":{"@id":"https:\/\/www.secretdeparis.com\/blog\/visiter-paris\/7e-arrondissement\/hotel-invalides\/#primaryimage"},"thumbnailUrl":"https:\/\/www.secretdeparis.com\/blog\/wp-content\/uploads\/2025\/04\/les-invalides-6516360_1280.jpg","articleSection":["7e arrondissement"],"inLanguage":"fr-FR"},{"@type":"WebPage","@id":"https:\/\/www.secretdeparis.com\/blog\/visiter-paris\/7e-arrondissement\/hotel-invalides\/","url":"https:\/\/www.secretdeparis.com\/blog\/visiter-paris\/7e-arrondissement\/hotel-invalides\/","name":"H\u00f4tel des Invalides - Visiter Paris avec Hotel Design Secret de Paris","isPartOf":{"@id":"https:\/\/www.secretdeparis.com\/blog\/#website"},"primaryImageOfPage":{"@id":"https:\/\/www.secretdeparis.com\/blog\/visiter-paris\/7e-arrondissement\/hotel-invalides\/#primaryimage"},"image":{"@id":"https:\/\/www.secretdeparis.com\/blog\/visiter-paris\/7e-arrondissement\/hotel-invalides\/#primaryimage"},"thumbnailUrl":"https:\/\/www.secretdeparis.com\/blog\/wp-content\/uploads\/2025\/04\/les-invalides-6516360_1280.jpg","datePublished":"2025-04-16T17:22:38+00:00","dateModified":"2025-12-05T15:04:11+00:00","author":{"@id":"https:\/\/www.secretdeparis.com\/blog\/#\/schema\/person\/985e3aba0b7518e129fd38bd6c35ef31"},"description":"L\u2019H\u00f4tel des Invalides \u00e0 Paris : symbole d\u2019histoire, d\u2019architecture et de m\u00e9moire \u2014 tr\u00e9sor national \u00e0 d\u00e9couvrir au c\u0153ur de la capitale.","inLanguage":"fr-FR","potentialAction":[{"@type":"ReadAction","target":["https:\/\/www.secretdeparis.com\/blog\/visiter-paris\/7e-arrondissement\/hotel-invalides\/"]}]},{"@type":"ImageObject","inLanguage":"fr-FR","@id":"https:\/\/www.secretdeparis.com\/blog\/visiter-paris\/7e-arrondissement\/hotel-invalides\/#primaryimage","url":"https:\/\/www.secretdeparis.com\/blog\/wp-content\/uploads\/2025\/04\/les-invalides-6516360_1280.jpg","contentUrl":"https:\/\/www.secretdeparis.com\/blog\/wp-content\/uploads\/2025\/04\/les-invalides-6516360_1280.jpg"},{"@type":"WebSite","@id":"https:\/\/www.secretdeparis.com\/blog\/#website","url":"https:\/\/www.secretdeparis.com\/blog\/","name":"Blog Secret de Paris - Hotel &amp; Spa Paris","description":"Secret de Paris Hotel &amp; Spa : Le Blog","potentialAction":[{"@type":"SearchAction","target":{"@type":"EntryPoint","urlTemplate":"https:\/\/www.secretdeparis.com\/blog\/?s={search_term_string}"},"query-input":{"@type":"PropertyValueSpecification","valueRequired":true,"valueName":"search_term_string"}}],"inLanguage":"fr-FR"},{"@type":"Person","@id":"https:\/\/www.secretdeparis.com\/blog\/#\/schema\/person\/985e3aba0b7518e129fd38bd6c35ef31","name":"Secret de Paris - H\u00f4tel &amp; Spa","image":{"@type":"ImageObject","inLanguage":"fr-FR","@id":"https:\/\/secure.gravatar.com\/avatar\/ce6d03bfa6476ec3c26f7f7fc9884a94145cc334e295b932bd9f2e8e902c17c9?s=96&d=http%3A%2F%2Fwww.hotel-design-secret-de-paris.com%2Fblog%2F%2Fwp-content%2Fthemes%2Fsimplemag%2Fimages%2Fgravatar-perso.png&r=g","url":"https:\/\/secure.gravatar.com\/avatar\/ce6d03bfa6476ec3c26f7f7fc9884a94145cc334e295b932bd9f2e8e902c17c9?s=96&d=http%3A%2F%2Fwww.hotel-design-secret-de-paris.com%2Fblog%2F%2Fwp-content%2Fthemes%2Fsimplemag%2Fimages%2Fgravatar-perso.png&r=g","contentUrl":"https:\/\/secure.gravatar.com\/avatar\/ce6d03bfa6476ec3c26f7f7fc9884a94145cc334e295b932bd9f2e8e902c17c9?s=96&d=http%3A%2F%2Fwww.hotel-design-secret-de-paris.com%2Fblog%2F%2Fwp-content%2Fthemes%2Fsimplemag%2Fimages%2Fgravatar-perso.png&r=g","caption":"Secret de Paris - H\u00f4tel &amp; Spa"},"description":"Le Secret de Paris H\u00f4tel &amp; Spa est un h\u00f4tel de charme de 29 chambres, toutes d\u00e9cor\u00e9es sur l'un des 6 th\u00e8mes suivant: Mus\u00e9e d\u2019Orsay, Moulin Rouge, Tour Eiffel, Op\u00e9ra Garnier, Trocad\u00e9ro et Atelier d\u2019Artiste."}]}},"_links":{"self":[{"href":"https:\/\/www.secretdeparis.com\/blog\/wp-json\/wp\/v2\/posts\/492","targetHints":{"allow":["GET"]}}],"collection":[{"href":"https:\/\/www.secretdeparis.com\/blog\/wp-json\/wp\/v2\/posts"}],"about":[{"href":"https:\/\/www.secretdeparis.com\/blog\/wp-json\/wp\/v2\/types\/post"}],"author":[{"embeddable":true,"href":"https:\/\/www.secretdeparis.com\/blog\/wp-json\/wp\/v2\/users\/4"}],"replies":[{"embeddable":true,"href":"https:\/\/www.secretdeparis.com\/blog\/wp-json\/wp\/v2\/comments?post=492"}],"version-history":[{"count":6,"href":"https:\/\/www.secretdeparis.com\/blog\/wp-json\/wp\/v2\/posts\/492\/revisions"}],"predecessor-version":[{"id":4151,"href":"https:\/\/www.secretdeparis.com\/blog\/wp-json\/wp\/v2\/posts\/492\/revisions\/4151"}],"wp:attachment":[{"href":"https:\/\/www.secretdeparis.com\/blog\/wp-json\/wp\/v2\/media?parent=492"}],"wp:term":[{"taxonomy":"category","embeddable":true,"href":"https:\/\/www.secretdeparis.com\/blog\/wp-json\/wp\/v2\/categories?post=492"},{"taxonomy":"post_tag","embeddable":true,"href":"https:\/\/www.secretdeparis.com\/blog\/wp-json\/wp\/v2\/tags?post=492"}],"curies":[{"name":"wp","href":"https:\/\/api.w.org\/{rel}","templated":true}]}}